{"id":7960,"date":"2018-05-02T20:21:15","date_gmt":"2018-05-02T18:21:15","guid":{"rendered":"http:\/\/boeselager-realschule.de\/?p=7960"},"modified":"2018-05-03T16:43:50","modified_gmt":"2018-05-03T14:43:50","slug":"bonn-marathon-2018-wir-waren-dabei","status":"publish","type":"post","link":"https:\/\/boeselager-realschule.de\/?p=7960","title":{"rendered":"Bonn-Marathon 2018 &#8211; Wir waren dabei!"},"content":{"rendered":"<p><iframe loading=\"lazy\" src=\"https:\/\/www.youtube.com\/embed\/5p9upLIavYQ\" width=\"560\" height=\"315\" frameborder=\"0\" allowfullscreen=\"allowfullscreen\"><\/iframe>&nbsp;<\/p>\n<p>Die Boeselager-Realschule Ahrweiler startete am 15. April 2018 mit 2 Teams \u00e0 7 Sch\u00fclern beim Bonn-Marathon und beide U14-Staffeln erreichten das Ziel nach 42,195 km in tollen 4 h 15 min und belegten damit in ihrer Altersklasse mittlere Pl\u00e4tze.<\/p>\n<div id=\"attachment_8016\" style=\"width: 560px\" class=\"wp-caption aligncenter\"><img loading=\"lazy\" decoding=\"async\" aria-describedby=\"caption-attachment-8016\" class=\"wp-image-8016 size-full\" src=\"http:\/\/boeselager-realschule.de\/wp-content\/uploads\/2018\/05\/2018-marathon2.jpg\" alt=\"Eine besondere Ehrung f\u00fcr die L\u00e4ufer gab es auch noch einmal w\u00e4hrend einer gro\u00dfen Pause... \" width=\"550\" height=\"413\" srcset=\"https:\/\/boeselager-realschule.de\/wp-content\/uploads\/2018\/05\/2018-marathon2.jpg 550w, https:\/\/boeselager-realschule.de\/wp-content\/uploads\/2018\/05\/2018-marathon2-300x225.jpg 300w\" sizes=\"auto, (max-width: 550px) 100vw, 550px\" \/><p id=\"caption-attachment-8016\" class=\"wp-caption-text\">Eine besondere Ehrung f\u00fcr die L\u00e4ufer gab es auch noch einmal w\u00e4hrend einer gro\u00dfen Pause&#8230;<\/p><\/div>\n<div id=\"attachment_8017\" style=\"width: 560px\" class=\"wp-caption aligncenter\"><img loading=\"lazy\" decoding=\"async\" aria-describedby=\"caption-attachment-8017\" class=\"wp-image-8017 size-full\" src=\"http:\/\/boeselager-realschule.de\/wp-content\/uploads\/2018\/05\/2018-marathon1.jpg\" alt=\"... als ihnen der Schulleiter Klaus D\u00fcnker ihre Urkunden vor der ganzen Sch\u00fclerschaft \u00fcberreichte\" width=\"550\" height=\"301\" srcset=\"https:\/\/boeselager-realschule.de\/wp-content\/uploads\/2018\/05\/2018-marathon1.jpg 550w, https:\/\/boeselager-realschule.de\/wp-content\/uploads\/2018\/05\/2018-marathon1-300x164.jpg 300w\" sizes=\"auto, (max-width: 550px) 100vw, 550px\" \/><p id=\"caption-attachment-8017\" class=\"wp-caption-text\">&#8230; als ihnen der Schulleiter Klaus D\u00fcnker ihre Urkunden vor der ganzen Sch\u00fclerschaft \u00fcberreichte<\/p><\/div>\n<p>Folgende Sch\u00fcler liefen f\u00fcr unsere Schule:&nbsp;Bj\u00f6rn D\u00f6rste, Lucas Kuhl, Sven Schneider, Noah Richber, Ilyas Zouinekh, Adrian G\u00f6ddertz, Monja Lambertz, Lukas Foryta, Hassan Shiko, Florian Hoffmann, Jannik Juchem, Klara Udelhoven, Amelie Zulak, Max Scheffler<\/p>\n<p style=\"text-align: right;\"><em><strong>Herzlichen Gl\u00fcckwunsch zu eurer tollen Leistung und danke f\u00fcr euren Einsatz!<\/strong><\/em><\/p>\n<p><img loading=\"lazy\" decoding=\"async\" class=\"size-full wp-image-8008 alignleft\" src=\"http:\/\/boeselager-realschule.de\/wp-content\/uploads\/2018\/04\/urkunde2.jpg\" alt=\"\" width=\"250\" height=\"353\" srcset=\"https:\/\/boeselager-realschule.de\/wp-content\/uploads\/2018\/04\/urkunde2.jpg 250w, https:\/\/boeselager-realschule.de\/wp-content\/uploads\/2018\/04\/urkunde2-212x300.jpg 212w\" sizes=\"auto, (max-width: 250px) 100vw, 250px\" \/><img loading=\"lazy\" decoding=\"async\" class=\"size-full wp-image-8007 alignleft\" src=\"http:\/\/boeselager-realschule.de\/wp-content\/uploads\/2018\/04\/urkunde1.jpg\" alt=\"\" width=\"250\" height=\"354\" srcset=\"https:\/\/boeselager-realschule.de\/wp-content\/uploads\/2018\/04\/urkunde1.jpg 250w, https:\/\/boeselager-realschule.de\/wp-content\/uploads\/2018\/04\/urkunde1-212x300.jpg 212w\" sizes=\"auto, (max-width: 250px) 100vw, 250px\" \/><\/p>\n<p>&nbsp;<\/p>\n<p>&nbsp;<\/p>\n<p>&nbsp;<\/p>\n<p>&nbsp;<\/p>\n<p>&nbsp;<\/p>\n<p>&nbsp;<\/p>\n<p>&nbsp;<\/p>\n<p>&nbsp;<\/p>\n<p>&nbsp;<\/p>\n<p>&nbsp;<\/p>\n<p>Betreut wurden die Sch\u00fcler vom Leiter der Lauf-AG der Boeselager-Realschule Dr. Thomas Schr\u00f6er, der die Sch\u00fcler in Vorfeld trainierte und die Teilnahme auch organisierte, sowie den Lehrern Anne Weller, Kirsten Sebastian, Peter Bensmann und Ralf Breuer. F\u00fcr die medizinische Betreuung sorgte Nils Piel.<\/p>\n","protected":false},"excerpt":{"rendered":"<p>&nbsp; Die Boeselager-Realschule Ahrweiler startete am 15. April 2018 mit 2 Teams \u00e0 7 Sch\u00fclern beim Bonn-Marathon und beide U14-Staffeln erreichten das Ziel nach 42,195 km in tollen 4 h 15 min und belegten damit in ihrer Altersklasse mittlere Pl\u00e4tze. Folgende Sch\u00fcler liefen f\u00fcr unsere Schule:&nbsp;Bj\u00f6rn D\u00f6rste, Lucas Kuhl, Sven Schneider, Noah Richber, Ilyas Zouinekh, [&hellip;]<\/p>\n","protected":false},"author":5,"featured_media":0,"comment_status":"closed","ping_status":"open","sticky":false,"template":"","format":"standard","meta":{"ngg_post_thumbnail":0,"footnotes":""},"categories":[633,84,484],"tags":[636,634,637,635],"class_list":["post-7960","post","type-post","status-publish","format-standard","hentry","category-lauf-ag","category-sport","category-sportklasse","tag-636","tag-bonn","tag-laufen","tag-marathon"],"yoast_head":"<!-- This site is optimized with the Yoast SEO plugin v28.3 - https:\/\/yoast.com\/product\/yoast-seo-wordpress\/ -->\n<title>Bonn-Marathon 2018 - Wir waren dabei! &#183; Philipp Freiherr von Boeselager Realschule plus Ahrweiler<\/title>\n<meta name=\"description\" content=\"Realschule plus, Ahrweiler, Boeselager Realschule, individuelle F\u00f6rderung, Wahlpflichtf\u00e4cher, internationale Partnerschaften, Arbeitsgemeinschaften, Bildung, Schulgemeinschaft\" \/>\n<meta name=\"robots\" content=\"index, follow, max-snippet:-1, max-image-preview:large, max-video-preview:-1\" \/>\n<link rel=\"canonical\" href=\"https:\/\/boeselager-realschule.de\/?p=7960\" \/>\n<meta property=\"og:locale\" content=\"de_DE\" \/>\n<meta property=\"og:type\" content=\"article\" \/>\n<meta property=\"og:title\" content=\"Bonn-Marathon 2018 - Wir waren dabei! &#183; Philipp Freiherr von Boeselager Realschule plus Ahrweiler\" \/>\n<meta property=\"og:description\" content=\"Realschule plus, Ahrweiler, Boeselager Realschule, individuelle F\u00f6rderung, Wahlpflichtf\u00e4cher, internationale Partnerschaften, Arbeitsgemeinschaften, Bildung, Schulgemeinschaft\" \/>\n<meta property=\"og:url\" content=\"https:\/\/boeselager-realschule.de\/?p=7960\" \/>\n<meta property=\"og:site_name\" content=\"Philipp Freiherr von Boeselager Realschule plus Ahrweiler\" \/>\n<meta property=\"article:publisher\" content=\"https:\/\/www.facebook.com\/rsplus\" \/>\n<meta property=\"article:published_time\" content=\"2018-05-02T18:21:15+00:00\" \/>\n<meta property=\"article:modified_time\" content=\"2018-05-03T14:43:50+00:00\" \/>\n<meta property=\"og:image\" content=\"http:\/\/boeselager-realschule.de\/wp-content\/uploads\/2018\/05\/2018-marathon2.jpg\" \/>\n<meta name=\"author\" content=\"Ralf Breuer\" \/>\n<meta name=\"twitter:card\" content=\"summary_large_image\" \/>\n<meta name=\"twitter:label1\" content=\"Verfasst von\" \/>\n\t<meta name=\"twitter:data1\" content=\"Ralf Breuer\" \/>\n\t<meta name=\"twitter:label2\" content=\"Gesch\u00e4tzte Lesezeit\" \/>\n\t<meta name=\"twitter:data2\" content=\"1\u00a0Minute\" \/>\n<script type=\"application\/ld+json\" class=\"yoast-schema-graph\">{\"@context\":\"https:\\\/\\\/schema.org\",\"@graph\":[{\"@type\":\"Article\",\"@id\":\"https:\\\/\\\/boeselager-realschule.de\\\/?p=7960#article\",\"isPartOf\":{\"@id\":\"https:\\\/\\\/boeselager-realschule.de\\\/?p=7960\"},\"author\":{\"name\":\"Ralf Breuer\",\"@id\":\"https:\\\/\\\/boeselager-realschule.de\\\/#\\\/schema\\\/person\\\/5dee4af139bfcd761fb95ababfd1d028\"},\"headline\":\"Bonn-Marathon 2018 &#8211; Wir waren dabei!\",\"datePublished\":\"2018-05-02T18:21:15+00:00\",\"dateModified\":\"2018-05-03T14:43:50+00:00\",\"mainEntityOfPage\":{\"@id\":\"https:\\\/\\\/boeselager-realschule.de\\\/?p=7960\"},\"wordCount\":198,\"publisher\":{\"@id\":\"https:\\\/\\\/boeselager-realschule.de\\\/#organization\"},\"image\":{\"@id\":\"https:\\\/\\\/boeselager-realschule.de\\\/?p=7960#primaryimage\"},\"thumbnailUrl\":\"http:\\\/\\\/boeselager-realschule.de\\\/wp-content\\\/uploads\\\/2018\\\/05\\\/2018-marathon2.jpg\",\"keywords\":[\"42195\",\"Bonn\",\"Laufen\",\"Marathon\"],\"articleSection\":[\"Lauf-AG\",\"Sport\",\"Sportklasse\"],\"inLanguage\":\"de\"},{\"@type\":\"WebPage\",\"@id\":\"https:\\\/\\\/boeselager-realschule.de\\\/?p=7960\",\"url\":\"https:\\\/\\\/boeselager-realschule.de\\\/?p=7960\",\"name\":\"Bonn-Marathon 2018 - Wir waren dabei! &#183; Philipp Freiherr von Boeselager Realschule plus Ahrweiler\",\"isPartOf\":{\"@id\":\"https:\\\/\\\/boeselager-realschule.de\\\/#website\"},\"primaryImageOfPage\":{\"@id\":\"https:\\\/\\\/boeselager-realschule.de\\\/?p=7960#primaryimage\"},\"image\":{\"@id\":\"https:\\\/\\\/boeselager-realschule.de\\\/?p=7960#primaryimage\"},\"thumbnailUrl\":\"http:\\\/\\\/boeselager-realschule.de\\\/wp-content\\\/uploads\\\/2018\\\/05\\\/2018-marathon2.jpg\",\"datePublished\":\"2018-05-02T18:21:15+00:00\",\"dateModified\":\"2018-05-03T14:43:50+00:00\",\"description\":\"Realschule plus, Ahrweiler, Boeselager Realschule, individuelle F\u00f6rderung, Wahlpflichtf\u00e4cher, internationale Partnerschaften, Arbeitsgemeinschaften, Bildung, Schulgemeinschaft\",\"breadcrumb\":{\"@id\":\"https:\\\/\\\/boeselager-realschule.de\\\/?p=7960#breadcrumb\"},\"inLanguage\":\"de\",\"potentialAction\":[{\"@type\":\"ReadAction\",\"target\":[\"https:\\\/\\\/boeselager-realschule.de\\\/?p=7960\"]}]},{\"@type\":\"ImageObject\",\"inLanguage\":\"de\",\"@id\":\"https:\\\/\\\/boeselager-realschule.de\\\/?p=7960#primaryimage\",\"url\":\"https:\\\/\\\/boeselager-realschule.de\\\/wp-content\\\/uploads\\\/2018\\\/05\\\/2018-marathon2.jpg\",\"contentUrl\":\"https:\\\/\\\/boeselager-realschule.de\\\/wp-content\\\/uploads\\\/2018\\\/05\\\/2018-marathon2.jpg\",\"width\":550,\"height\":413},{\"@type\":\"BreadcrumbList\",\"@id\":\"https:\\\/\\\/boeselager-realschule.de\\\/?p=7960#breadcrumb\",\"itemListElement\":[{\"@type\":\"ListItem\",\"position\":1,\"name\":\"Startseite\",\"item\":\"https:\\\/\\\/boeselager-realschule.de\\\/\"},{\"@type\":\"ListItem\",\"position\":2,\"name\":\"Bonn-Marathon 2018 &#8211; Wir waren dabei!\"}]},{\"@type\":\"WebSite\",\"@id\":\"https:\\\/\\\/boeselager-realschule.de\\\/#website\",\"url\":\"https:\\\/\\\/boeselager-realschule.de\\\/\",\"name\":\"Philipp Freiherr von Boeselager Realschule plus Ahrweiler\",\"description\":\"\",\"publisher\":{\"@id\":\"https:\\\/\\\/boeselager-realschule.de\\\/#organization\"},\"potentialAction\":[{\"@type\":\"SearchAction\",\"target\":{\"@type\":\"EntryPoint\",\"urlTemplate\":\"https:\\\/\\\/boeselager-realschule.de\\\/?s={search_term_string}\"},\"query-input\":{\"@type\":\"PropertyValueSpecification\",\"valueRequired\":true,\"valueName\":\"search_term_string\"}}],\"inLanguage\":\"de\"},{\"@type\":\"Organization\",\"@id\":\"https:\\\/\\\/boeselager-realschule.de\\\/#organization\",\"name\":\"Philipp Freiherr von Boeselager Realschule plus Ahrweiler\",\"url\":\"https:\\\/\\\/boeselager-realschule.de\\\/\",\"logo\":{\"@type\":\"ImageObject\",\"inLanguage\":\"de\",\"@id\":\"https:\\\/\\\/boeselager-realschule.de\\\/#\\\/schema\\\/logo\\\/image\\\/\",\"url\":\"https:\\\/\\\/boeselager-realschule.de\\\/wp-content\\\/uploads\\\/2025\\\/02\\\/logo_280-gif.gif\",\"contentUrl\":\"https:\\\/\\\/boeselager-realschule.de\\\/wp-content\\\/uploads\\\/2025\\\/02\\\/logo_280-gif.gif\",\"width\":280,\"height\":226,\"caption\":\"Philipp Freiherr von Boeselager Realschule plus Ahrweiler\"},\"image\":{\"@id\":\"https:\\\/\\\/boeselager-realschule.de\\\/#\\\/schema\\\/logo\\\/image\\\/\"},\"sameAs\":[\"https:\\\/\\\/www.facebook.com\\\/rsplus\"]},{\"@type\":\"Person\",\"@id\":\"https:\\\/\\\/boeselager-realschule.de\\\/#\\\/schema\\\/person\\\/5dee4af139bfcd761fb95ababfd1d028\",\"name\":\"Ralf Breuer\",\"sameAs\":[\"http:\\\/\\\/www.breuer-info.de\"],\"url\":\"https:\\\/\\\/boeselager-realschule.de\\\/?author=5\"}]}<\/script>\n<!-- \/ Yoast SEO plugin. -->","yoast_head_json":{"title":"Bonn-Marathon 2018 - Wir waren dabei! &#183; Philipp Freiherr von Boeselager Realschule plus Ahrweiler","description":"Realschule plus, Ahrweiler, Boeselager Realschule, individuelle F\u00f6rderung, Wahlpflichtf\u00e4cher, internationale Partnerschaften, Arbeitsgemeinschaften, Bildung, Schulgemeinschaft","robots":{"index":"index","follow":"follow","max-snippet":"max-snippet:-1","max-image-preview":"max-image-preview:large","max-video-preview":"max-video-preview:-1"},"canonical":"https:\/\/boeselager-realschule.de\/?p=7960","og_locale":"de_DE","og_type":"article","og_title":"Bonn-Marathon 2018 - Wir waren dabei! &#183; Philipp Freiherr von Boeselager Realschule plus Ahrweiler","og_description":"Realschule plus, Ahrweiler, Boeselager Realschule, individuelle F\u00f6rderung, Wahlpflichtf\u00e4cher, internationale Partnerschaften, Arbeitsgemeinschaften, Bildung, Schulgemeinschaft","og_url":"https:\/\/boeselager-realschule.de\/?p=7960","og_site_name":"Philipp Freiherr von Boeselager Realschule plus Ahrweiler","article_publisher":"https:\/\/www.facebook.com\/rsplus","article_published_time":"2018-05-02T18:21:15+00:00","article_modified_time":"2018-05-03T14:43:50+00:00","og_image":[{"url":"http:\/\/boeselager-realschule.de\/wp-content\/uploads\/2018\/05\/2018-marathon2.jpg","type":"","width":"","height":""}],"author":"Ralf Breuer","twitter_card":"summary_large_image","twitter_misc":{"Verfasst von":"Ralf Breuer","Gesch\u00e4tzte Lesezeit":"1\u00a0Minute"},"schema":{"@context":"https:\/\/schema.org","@graph":[{"@type":"Article","@id":"https:\/\/boeselager-realschule.de\/?p=7960#article","isPartOf":{"@id":"https:\/\/boeselager-realschule.de\/?p=7960"},"author":{"name":"Ralf Breuer","@id":"https:\/\/boeselager-realschule.de\/#\/schema\/person\/5dee4af139bfcd761fb95ababfd1d028"},"headline":"Bonn-Marathon 2018 &#8211; Wir waren dabei!","datePublished":"2018-05-02T18:21:15+00:00","dateModified":"2018-05-03T14:43:50+00:00","mainEntityOfPage":{"@id":"https:\/\/boeselager-realschule.de\/?p=7960"},"wordCount":198,"publisher":{"@id":"https:\/\/boeselager-realschule.de\/#organization"},"image":{"@id":"https:\/\/boeselager-realschule.de\/?p=7960#primaryimage"},"thumbnailUrl":"http:\/\/boeselager-realschule.de\/wp-content\/uploads\/2018\/05\/2018-marathon2.jpg","keywords":["42195","Bonn","Laufen","Marathon"],"articleSection":["Lauf-AG","Sport","Sportklasse"],"inLanguage":"de"},{"@type":"WebPage","@id":"https:\/\/boeselager-realschule.de\/?p=7960","url":"https:\/\/boeselager-realschule.de\/?p=7960","name":"Bonn-Marathon 2018 - Wir waren dabei! &#183; Philipp Freiherr von Boeselager Realschule plus Ahrweiler","isPartOf":{"@id":"https:\/\/boeselager-realschule.de\/#website"},"primaryImageOfPage":{"@id":"https:\/\/boeselager-realschule.de\/?p=7960#primaryimage"},"image":{"@id":"https:\/\/boeselager-realschule.de\/?p=7960#primaryimage"},"thumbnailUrl":"http:\/\/boeselager-realschule.de\/wp-content\/uploads\/2018\/05\/2018-marathon2.jpg","datePublished":"2018-05-02T18:21:15+00:00","dateModified":"2018-05-03T14:43:50+00:00","description":"Realschule plus, Ahrweiler, Boeselager Realschule, individuelle F\u00f6rderung, Wahlpflichtf\u00e4cher, internationale Partnerschaften, Arbeitsgemeinschaften, Bildung, Schulgemeinschaft","breadcrumb":{"@id":"https:\/\/boeselager-realschule.de\/?p=7960#breadcrumb"},"inLanguage":"de","potentialAction":[{"@type":"ReadAction","target":["https:\/\/boeselager-realschule.de\/?p=7960"]}]},{"@type":"ImageObject","inLanguage":"de","@id":"https:\/\/boeselager-realschule.de\/?p=7960#primaryimage","url":"https:\/\/boeselager-realschule.de\/wp-content\/uploads\/2018\/05\/2018-marathon2.jpg","contentUrl":"https:\/\/boeselager-realschule.de\/wp-content\/uploads\/2018\/05\/2018-marathon2.jpg","width":550,"height":413},{"@type":"BreadcrumbList","@id":"https:\/\/boeselager-realschule.de\/?p=7960#breadcrumb","itemListElement":[{"@type":"ListItem","position":1,"name":"Startseite","item":"https:\/\/boeselager-realschule.de\/"},{"@type":"ListItem","position":2,"name":"Bonn-Marathon 2018 &#8211; Wir waren dabei!"}]},{"@type":"WebSite","@id":"https:\/\/boeselager-realschule.de\/#website","url":"https:\/\/boeselager-realschule.de\/","name":"Philipp Freiherr von Boeselager Realschule plus Ahrweiler","description":"","publisher":{"@id":"https:\/\/boeselager-realschule.de\/#organization"},"potentialAction":[{"@type":"SearchAction","target":{"@type":"EntryPoint","urlTemplate":"https:\/\/boeselager-realschule.de\/?s={search_term_string}"},"query-input":{"@type":"PropertyValueSpecification","valueRequired":true,"valueName":"search_term_string"}}],"inLanguage":"de"},{"@type":"Organization","@id":"https:\/\/boeselager-realschule.de\/#organization","name":"Philipp Freiherr von Boeselager Realschule plus Ahrweiler","url":"https:\/\/boeselager-realschule.de\/","logo":{"@type":"ImageObject","inLanguage":"de","@id":"https:\/\/boeselager-realschule.de\/#\/schema\/logo\/image\/","url":"https:\/\/boeselager-realschule.de\/wp-content\/uploads\/2025\/02\/logo_280-gif.gif","contentUrl":"https:\/\/boeselager-realschule.de\/wp-content\/uploads\/2025\/02\/logo_280-gif.gif","width":280,"height":226,"caption":"Philipp Freiherr von Boeselager Realschule plus Ahrweiler"},"image":{"@id":"https:\/\/boeselager-realschule.de\/#\/schema\/logo\/image\/"},"sameAs":["https:\/\/www.facebook.com\/rsplus"]},{"@type":"Person","@id":"https:\/\/boeselager-realschule.de\/#\/schema\/person\/5dee4af139bfcd761fb95ababfd1d028","name":"Ralf Breuer","sameAs":["http:\/\/www.breuer-info.de"],"url":"https:\/\/boeselager-realschule.de\/?author=5"}]}},"_links":{"self":[{"href":"https:\/\/boeselager-realschule.de\/index.php?rest_route=\/wp\/v2\/posts\/7960","targetHints":{"allow":["GET"]}}],"collection":[{"href":"https:\/\/boeselager-realschule.de\/index.php?rest_route=\/wp\/v2\/posts"}],"about":[{"href":"https:\/\/boeselager-realschule.de\/index.php?rest_route=\/wp\/v2\/types\/post"}],"author":[{"embeddable":true,"href":"https:\/\/boeselager-realschule.de\/index.php?rest_route=\/wp\/v2\/users\/5"}],"replies":[{"embeddable":true,"href":"https:\/\/boeselager-realschule.de\/index.php?rest_route=%2Fwp%2Fv2%2Fcomments&post=7960"}],"version-history":[{"count":0,"href":"https:\/\/boeselager-realschule.de\/index.php?rest_route=\/wp\/v2\/posts\/7960\/revisions"}],"wp:attachment":[{"href":"https:\/\/boeselager-realschule.de\/index.php?rest_route=%2Fwp%2Fv2%2Fmedia&parent=7960"}],"wp:term":[{"taxonomy":"category","embeddable":true,"href":"https:\/\/boeselager-realschule.de\/index.php?rest_route=%2Fwp%2Fv2%2Fcategories&post=7960"},{"taxonomy":"post_tag","embeddable":true,"href":"https:\/\/boeselager-realschule.de\/index.php?rest_route=%2Fwp%2Fv2%2Ftags&post=7960"}],"curies":[{"name":"wp","href":"https:\/\/api.w.org\/{rel}","templated":true}]}}