{"id":6978,"date":"2016-11-10T21:25:17","date_gmt":"2016-11-10T20:25:17","guid":{"rendered":"http:\/\/boeselager-realschule.de\/?p=6978"},"modified":"2016-11-12T13:18:56","modified_gmt":"2016-11-12T12:18:56","slug":"wir-sind-kreismeister-wk-ii","status":"publish","type":"post","link":"https:\/\/boeselager-realschule.de\/?p=6978","title":{"rendered":"&#8220;Wir sind Kreismeister!&#8221;"},"content":{"rendered":"<p><strong>Boeselager-Realsch\u00fcler erk\u00e4mpfen Kreismeistertitel im Fu\u00dfball<\/strong><\/p>\n<div id=\"attachment_6979\" style=\"width: 560px\" class=\"wp-caption aligncenter\"><img loading=\"lazy\" decoding=\"async\" aria-describedby=\"caption-attachment-6979\" class=\"wp-image-6979 size-full\" src=\"http:\/\/boeselager-realschule.de\/wp-content\/uploads\/2016\/11\/2016-Kreismeister-WK2.jpg\" alt=\"F\u00fcr die Boeselager-Realschule spielten: (von hinten links) Tim Linden, Lars Hammerschmidt, Martin Gilles, Niklas Gack, Nic L\u00f6hr, Fabian Lorca, Dario Kriechel, (von vorne links) Eliah Schneider, Felix Witthaus (TW), Dominik Bous, Milot Istogu\" width=\"550\" height=\"322\" srcset=\"https:\/\/boeselager-realschule.de\/wp-content\/uploads\/2016\/11\/2016-Kreismeister-WK2.jpg 550w, https:\/\/boeselager-realschule.de\/wp-content\/uploads\/2016\/11\/2016-Kreismeister-WK2-300x176.jpg 300w\" sizes=\"auto, (max-width: 550px) 100vw, 550px\" \/><p id=\"caption-attachment-6979\" class=\"wp-caption-text\">F\u00fcr die Boeselager-Realschule spielten: (von hinten links) Tim Linden, Lars Hammerschmidt, Martin Gilles, Niklas Gack, Nic L\u00f6hr, Fabian Lorca, Dario Kriechel, (von vorne links) Eliah Schneider, Felix Witthaus (TW), Dominik Bous, Milot Istogu<\/p><\/div>\n<p>Die Fu\u00dfballer der Philipp Freiherr von Boeselager Realschule plus Ahrweiler konnten sich am vergangenen Dienstag den Fu\u00dfball-Kreismeistertitel im Wettkampf II sichern. Obwohl die Ergebnisse sehr deutlich klingen, war es f\u00fcr die Boeselager-Realsch\u00fcler\u00a0ein St\u00fcck Arbeit, die Meisterschaft zu gewinnen.<\/p>\n<p>Gegen die Realschule aus Adenau tat sich die Mannschaft von Sportlehrer Markus Lochner lange Zeit schwer, ehe ein am Ende deutlicher 5-0-Sieg errungen werden konnte.<br \/>\n\u201eDas Ergebnis mag sehr deutlich klingen, doch so \u00fcberlegen waren wir keineswegs. Adenau hat gute und schnelle Spieler, die uns das Leben lange Zeit schwer machten\u201c, erkl\u00e4rt Lochner, dessen Mannschaft sich nun im regionalen Vorentscheid Ende M\u00e4rz mit Teams aus dem Bereich Mayen-Koblenz messen darf und erg\u00e4nzt: \u201eEs macht uns schon ein wenig stolz, dass wir alle Gymnasien im Kreis wiederholt hinter uns gelassen haben, bedenkt man, wie gro\u00df im Vergleich unsere Schule ist. Unsere Konzept, einen Schwerpunkt im Bereich Sport zu haben, geht langsam auf.\u201c<\/p>\n<p>Im zweiten Spiel konnte die Realschule aus Sinzig mit 6-2 geschlagen werden. Auch hier bot sich zun\u00e4chst ein \u00e4hnliches Bild. Erst nachdem gr\u00f6\u00dfte M\u00f6glichkeiten vergeben wurden, konnte Dominik Bous die F\u00fchrung markieren, die dann systematisch ausgebaut wurde.<\/p>\n<p>Nun \u00fcberwintern die Boeselager-Realsch\u00fcler im Schulwettbewerb \u201eJugend trainiert f\u00fcr Olympia\u201c.<\/p>\n<p style=\"text-align: right;\"><em><strong>Herzlichen Gl\u00fcckwunsch!!!<\/strong><\/em><\/p>\n","protected":false},"excerpt":{"rendered":"<p>Boeselager-Realsch\u00fcler erk\u00e4mpfen Kreismeistertitel im Fu\u00dfball Die Fu\u00dfballer der Philipp Freiherr von Boeselager Realschule plus Ahrweiler konnten sich am vergangenen Dienstag den Fu\u00dfball-Kreismeistertitel im Wettkampf II sichern. Obwohl die Ergebnisse sehr deutlich klingen, war es f\u00fcr die Boeselager-Realsch\u00fcler\u00a0ein St\u00fcck Arbeit, die Meisterschaft zu gewinnen. Gegen die Realschule aus Adenau tat sich die Mannschaft von Sportlehrer Markus [&hellip;]<\/p>\n","protected":false},"author":5,"featured_media":0,"comment_status":"closed","ping_status":"open","sticky":false,"template":"","format":"standard","meta":{"ngg_post_thumbnail":0,"footnotes":""},"categories":[157,228],"tags":[529,370,545,546],"class_list":["post-6978","post","type-post","status-publish","format-standard","hentry","category-arbeitsgemeinschaften","category-jugend-trainiert","tag-fusball","tag-jugend-trainiert-fur-olympia","tag-kreismeister","tag-lochner"],"yoast_head":"<!-- This site is optimized with the Yoast SEO plugin v28.3 - https:\/\/yoast.com\/product\/yoast-seo-wordpress\/ -->\n<title>&quot;Wir sind Kreismeister!&quot; &#183; Philipp Freiherr von Boeselager Realschule plus Ahrweiler<\/title>\n<meta name=\"description\" content=\"Realschule plus, Ahrweiler, Boeselager Realschule, individuelle F\u00f6rderung, Wahlpflichtf\u00e4cher, internationale Partnerschaften, Arbeitsgemeinschaften, Bildung, Schulgemeinschaft\" \/>\n<meta name=\"robots\" content=\"index, follow, max-snippet:-1, max-image-preview:large, max-video-preview:-1\" \/>\n<link rel=\"canonical\" href=\"https:\/\/boeselager-realschule.de\/?p=6978\" \/>\n<meta property=\"og:locale\" content=\"de_DE\" \/>\n<meta property=\"og:type\" content=\"article\" \/>\n<meta property=\"og:title\" content=\"&quot;Wir sind Kreismeister!&quot; &#183; Philipp Freiherr von Boeselager Realschule plus Ahrweiler\" \/>\n<meta property=\"og:description\" content=\"Realschule plus, Ahrweiler, Boeselager Realschule, individuelle F\u00f6rderung, Wahlpflichtf\u00e4cher, internationale Partnerschaften, Arbeitsgemeinschaften, Bildung, Schulgemeinschaft\" \/>\n<meta property=\"og:url\" content=\"https:\/\/boeselager-realschule.de\/?p=6978\" \/>\n<meta property=\"og:site_name\" content=\"Philipp Freiherr von Boeselager Realschule plus Ahrweiler\" \/>\n<meta property=\"article:publisher\" content=\"https:\/\/www.facebook.com\/rsplus\" \/>\n<meta property=\"article:published_time\" content=\"2016-11-10T20:25:17+00:00\" \/>\n<meta property=\"article:modified_time\" content=\"2016-11-12T12:18:56+00:00\" \/>\n<meta property=\"og:image\" content=\"http:\/\/boeselager-realschule.de\/wp-content\/uploads\/2016\/11\/2016-Kreismeister-WK2.jpg\" \/>\n<meta name=\"author\" content=\"Ralf Breuer\" \/>\n<meta name=\"twitter:card\" content=\"summary_large_image\" \/>\n<meta name=\"twitter:label1\" content=\"Verfasst von\" \/>\n\t<meta name=\"twitter:data1\" content=\"Ralf Breuer\" \/>\n\t<meta name=\"twitter:label2\" content=\"Gesch\u00e4tzte Lesezeit\" \/>\n\t<meta name=\"twitter:data2\" content=\"1\u00a0Minute\" \/>\n<script type=\"application\/ld+json\" class=\"yoast-schema-graph\">{\"@context\":\"https:\\\/\\\/schema.org\",\"@graph\":[{\"@type\":\"Article\",\"@id\":\"https:\\\/\\\/boeselager-realschule.de\\\/?p=6978#article\",\"isPartOf\":{\"@id\":\"https:\\\/\\\/boeselager-realschule.de\\\/?p=6978\"},\"author\":{\"name\":\"Ralf Breuer\",\"@id\":\"https:\\\/\\\/boeselager-realschule.de\\\/#\\\/schema\\\/person\\\/5dee4af139bfcd761fb95ababfd1d028\"},\"headline\":\"&#8220;Wir sind Kreismeister!&#8221;\",\"datePublished\":\"2016-11-10T20:25:17+00:00\",\"dateModified\":\"2016-11-12T12:18:56+00:00\",\"mainEntityOfPage\":{\"@id\":\"https:\\\/\\\/boeselager-realschule.de\\\/?p=6978\"},\"wordCount\":268,\"publisher\":{\"@id\":\"https:\\\/\\\/boeselager-realschule.de\\\/#organization\"},\"image\":{\"@id\":\"https:\\\/\\\/boeselager-realschule.de\\\/?p=6978#primaryimage\"},\"thumbnailUrl\":\"http:\\\/\\\/boeselager-realschule.de\\\/wp-content\\\/uploads\\\/2016\\\/11\\\/2016-Kreismeister-WK2.jpg\",\"keywords\":[\"Fu\u00dfball\",\"Jugend trainiert f\u00fcr Olympia\",\"Kreismeister\",\"Lochner\"],\"articleSection\":[\"Arbeitsgemeinschaften\",\"Jugend trainiert\"],\"inLanguage\":\"de\"},{\"@type\":\"WebPage\",\"@id\":\"https:\\\/\\\/boeselager-realschule.de\\\/?p=6978\",\"url\":\"https:\\\/\\\/boeselager-realschule.de\\\/?p=6978\",\"name\":\"\\\"Wir sind Kreismeister!\\\" &#183; Philipp Freiherr von Boeselager Realschule plus Ahrweiler\",\"isPartOf\":{\"@id\":\"https:\\\/\\\/boeselager-realschule.de\\\/#website\"},\"primaryImageOfPage\":{\"@id\":\"https:\\\/\\\/boeselager-realschule.de\\\/?p=6978#primaryimage\"},\"image\":{\"@id\":\"https:\\\/\\\/boeselager-realschule.de\\\/?p=6978#primaryimage\"},\"thumbnailUrl\":\"http:\\\/\\\/boeselager-realschule.de\\\/wp-content\\\/uploads\\\/2016\\\/11\\\/2016-Kreismeister-WK2.jpg\",\"datePublished\":\"2016-11-10T20:25:17+00:00\",\"dateModified\":\"2016-11-12T12:18:56+00:00\",\"description\":\"Realschule plus, Ahrweiler, Boeselager Realschule, individuelle F\u00f6rderung, Wahlpflichtf\u00e4cher, internationale Partnerschaften, Arbeitsgemeinschaften, Bildung, Schulgemeinschaft\",\"breadcrumb\":{\"@id\":\"https:\\\/\\\/boeselager-realschule.de\\\/?p=6978#breadcrumb\"},\"inLanguage\":\"de\",\"potentialAction\":[{\"@type\":\"ReadAction\",\"target\":[\"https:\\\/\\\/boeselager-realschule.de\\\/?p=6978\"]}]},{\"@type\":\"ImageObject\",\"inLanguage\":\"de\",\"@id\":\"https:\\\/\\\/boeselager-realschule.de\\\/?p=6978#primaryimage\",\"url\":\"https:\\\/\\\/boeselager-realschule.de\\\/wp-content\\\/uploads\\\/2016\\\/11\\\/2016-Kreismeister-WK2.jpg\",\"contentUrl\":\"https:\\\/\\\/boeselager-realschule.de\\\/wp-content\\\/uploads\\\/2016\\\/11\\\/2016-Kreismeister-WK2.jpg\",\"width\":550,\"height\":322},{\"@type\":\"BreadcrumbList\",\"@id\":\"https:\\\/\\\/boeselager-realschule.de\\\/?p=6978#breadcrumb\",\"itemListElement\":[{\"@type\":\"ListItem\",\"position\":1,\"name\":\"Startseite\",\"item\":\"https:\\\/\\\/boeselager-realschule.de\\\/\"},{\"@type\":\"ListItem\",\"position\":2,\"name\":\"&#8220;Wir sind Kreismeister!&#8221;\"}]},{\"@type\":\"WebSite\",\"@id\":\"https:\\\/\\\/boeselager-realschule.de\\\/#website\",\"url\":\"https:\\\/\\\/boeselager-realschule.de\\\/\",\"name\":\"Philipp Freiherr von Boeselager Realschule plus Ahrweiler\",\"description\":\"\",\"publisher\":{\"@id\":\"https:\\\/\\\/boeselager-realschule.de\\\/#organization\"},\"potentialAction\":[{\"@type\":\"SearchAction\",\"target\":{\"@type\":\"EntryPoint\",\"urlTemplate\":\"https:\\\/\\\/boeselager-realschule.de\\\/?s={search_term_string}\"},\"query-input\":{\"@type\":\"PropertyValueSpecification\",\"valueRequired\":true,\"valueName\":\"search_term_string\"}}],\"inLanguage\":\"de\"},{\"@type\":\"Organization\",\"@id\":\"https:\\\/\\\/boeselager-realschule.de\\\/#organization\",\"name\":\"Philipp Freiherr von Boeselager Realschule plus Ahrweiler\",\"url\":\"https:\\\/\\\/boeselager-realschule.de\\\/\",\"logo\":{\"@type\":\"ImageObject\",\"inLanguage\":\"de\",\"@id\":\"https:\\\/\\\/boeselager-realschule.de\\\/#\\\/schema\\\/logo\\\/image\\\/\",\"url\":\"https:\\\/\\\/boeselager-realschule.de\\\/wp-content\\\/uploads\\\/2025\\\/02\\\/logo_280-gif.gif\",\"contentUrl\":\"https:\\\/\\\/boeselager-realschule.de\\\/wp-content\\\/uploads\\\/2025\\\/02\\\/logo_280-gif.gif\",\"width\":280,\"height\":226,\"caption\":\"Philipp Freiherr von Boeselager Realschule plus Ahrweiler\"},\"image\":{\"@id\":\"https:\\\/\\\/boeselager-realschule.de\\\/#\\\/schema\\\/logo\\\/image\\\/\"},\"sameAs\":[\"https:\\\/\\\/www.facebook.com\\\/rsplus\"]},{\"@type\":\"Person\",\"@id\":\"https:\\\/\\\/boeselager-realschule.de\\\/#\\\/schema\\\/person\\\/5dee4af139bfcd761fb95ababfd1d028\",\"name\":\"Ralf Breuer\",\"sameAs\":[\"http:\\\/\\\/www.breuer-info.de\"],\"url\":\"https:\\\/\\\/boeselager-realschule.de\\\/?author=5\"}]}<\/script>\n<!-- \/ Yoast SEO plugin. -->","yoast_head_json":{"title":"\"Wir sind Kreismeister!\" &#183; Philipp Freiherr von Boeselager Realschule plus Ahrweiler","description":"Realschule plus, Ahrweiler, Boeselager Realschule, individuelle F\u00f6rderung, Wahlpflichtf\u00e4cher, internationale Partnerschaften, Arbeitsgemeinschaften, Bildung, Schulgemeinschaft","robots":{"index":"index","follow":"follow","max-snippet":"max-snippet:-1","max-image-preview":"max-image-preview:large","max-video-preview":"max-video-preview:-1"},"canonical":"https:\/\/boeselager-realschule.de\/?p=6978","og_locale":"de_DE","og_type":"article","og_title":"\"Wir sind Kreismeister!\" &#183; Philipp Freiherr von Boeselager Realschule plus Ahrweiler","og_description":"Realschule plus, Ahrweiler, Boeselager Realschule, individuelle F\u00f6rderung, Wahlpflichtf\u00e4cher, internationale Partnerschaften, Arbeitsgemeinschaften, Bildung, Schulgemeinschaft","og_url":"https:\/\/boeselager-realschule.de\/?p=6978","og_site_name":"Philipp Freiherr von Boeselager Realschule plus Ahrweiler","article_publisher":"https:\/\/www.facebook.com\/rsplus","article_published_time":"2016-11-10T20:25:17+00:00","article_modified_time":"2016-11-12T12:18:56+00:00","og_image":[{"url":"http:\/\/boeselager-realschule.de\/wp-content\/uploads\/2016\/11\/2016-Kreismeister-WK2.jpg","type":"","width":"","height":""}],"author":"Ralf Breuer","twitter_card":"summary_large_image","twitter_misc":{"Verfasst von":"Ralf Breuer","Gesch\u00e4tzte Lesezeit":"1\u00a0Minute"},"schema":{"@context":"https:\/\/schema.org","@graph":[{"@type":"Article","@id":"https:\/\/boeselager-realschule.de\/?p=6978#article","isPartOf":{"@id":"https:\/\/boeselager-realschule.de\/?p=6978"},"author":{"name":"Ralf Breuer","@id":"https:\/\/boeselager-realschule.de\/#\/schema\/person\/5dee4af139bfcd761fb95ababfd1d028"},"headline":"&#8220;Wir sind Kreismeister!&#8221;","datePublished":"2016-11-10T20:25:17+00:00","dateModified":"2016-11-12T12:18:56+00:00","mainEntityOfPage":{"@id":"https:\/\/boeselager-realschule.de\/?p=6978"},"wordCount":268,"publisher":{"@id":"https:\/\/boeselager-realschule.de\/#organization"},"image":{"@id":"https:\/\/boeselager-realschule.de\/?p=6978#primaryimage"},"thumbnailUrl":"http:\/\/boeselager-realschule.de\/wp-content\/uploads\/2016\/11\/2016-Kreismeister-WK2.jpg","keywords":["Fu\u00dfball","Jugend trainiert f\u00fcr Olympia","Kreismeister","Lochner"],"articleSection":["Arbeitsgemeinschaften","Jugend trainiert"],"inLanguage":"de"},{"@type":"WebPage","@id":"https:\/\/boeselager-realschule.de\/?p=6978","url":"https:\/\/boeselager-realschule.de\/?p=6978","name":"\"Wir sind Kreismeister!\" &#183; Philipp Freiherr von Boeselager Realschule plus Ahrweiler","isPartOf":{"@id":"https:\/\/boeselager-realschule.de\/#website"},"primaryImageOfPage":{"@id":"https:\/\/boeselager-realschule.de\/?p=6978#primaryimage"},"image":{"@id":"https:\/\/boeselager-realschule.de\/?p=6978#primaryimage"},"thumbnailUrl":"http:\/\/boeselager-realschule.de\/wp-content\/uploads\/2016\/11\/2016-Kreismeister-WK2.jpg","datePublished":"2016-11-10T20:25:17+00:00","dateModified":"2016-11-12T12:18:56+00:00","description":"Realschule plus, Ahrweiler, Boeselager Realschule, individuelle F\u00f6rderung, Wahlpflichtf\u00e4cher, internationale Partnerschaften, Arbeitsgemeinschaften, Bildung, Schulgemeinschaft","breadcrumb":{"@id":"https:\/\/boeselager-realschule.de\/?p=6978#breadcrumb"},"inLanguage":"de","potentialAction":[{"@type":"ReadAction","target":["https:\/\/boeselager-realschule.de\/?p=6978"]}]},{"@type":"ImageObject","inLanguage":"de","@id":"https:\/\/boeselager-realschule.de\/?p=6978#primaryimage","url":"https:\/\/boeselager-realschule.de\/wp-content\/uploads\/2016\/11\/2016-Kreismeister-WK2.jpg","contentUrl":"https:\/\/boeselager-realschule.de\/wp-content\/uploads\/2016\/11\/2016-Kreismeister-WK2.jpg","width":550,"height":322},{"@type":"BreadcrumbList","@id":"https:\/\/boeselager-realschule.de\/?p=6978#breadcrumb","itemListElement":[{"@type":"ListItem","position":1,"name":"Startseite","item":"https:\/\/boeselager-realschule.de\/"},{"@type":"ListItem","position":2,"name":"&#8220;Wir sind Kreismeister!&#8221;"}]},{"@type":"WebSite","@id":"https:\/\/boeselager-realschule.de\/#website","url":"https:\/\/boeselager-realschule.de\/","name":"Philipp Freiherr von Boeselager Realschule plus Ahrweiler","description":"","publisher":{"@id":"https:\/\/boeselager-realschule.de\/#organization"},"potentialAction":[{"@type":"SearchAction","target":{"@type":"EntryPoint","urlTemplate":"https:\/\/boeselager-realschule.de\/?s={search_term_string}"},"query-input":{"@type":"PropertyValueSpecification","valueRequired":true,"valueName":"search_term_string"}}],"inLanguage":"de"},{"@type":"Organization","@id":"https:\/\/boeselager-realschule.de\/#organization","name":"Philipp Freiherr von Boeselager Realschule plus Ahrweiler","url":"https:\/\/boeselager-realschule.de\/","logo":{"@type":"ImageObject","inLanguage":"de","@id":"https:\/\/boeselager-realschule.de\/#\/schema\/logo\/image\/","url":"https:\/\/boeselager-realschule.de\/wp-content\/uploads\/2025\/02\/logo_280-gif.gif","contentUrl":"https:\/\/boeselager-realschule.de\/wp-content\/uploads\/2025\/02\/logo_280-gif.gif","width":280,"height":226,"caption":"Philipp Freiherr von Boeselager Realschule plus Ahrweiler"},"image":{"@id":"https:\/\/boeselager-realschule.de\/#\/schema\/logo\/image\/"},"sameAs":["https:\/\/www.facebook.com\/rsplus"]},{"@type":"Person","@id":"https:\/\/boeselager-realschule.de\/#\/schema\/person\/5dee4af139bfcd761fb95ababfd1d028","name":"Ralf Breuer","sameAs":["http:\/\/www.breuer-info.de"],"url":"https:\/\/boeselager-realschule.de\/?author=5"}]}},"_links":{"self":[{"href":"https:\/\/boeselager-realschule.de\/index.php?rest_route=\/wp\/v2\/posts\/6978","targetHints":{"allow":["GET"]}}],"collection":[{"href":"https:\/\/boeselager-realschule.de\/index.php?rest_route=\/wp\/v2\/posts"}],"about":[{"href":"https:\/\/boeselager-realschule.de\/index.php?rest_route=\/wp\/v2\/types\/post"}],"author":[{"embeddable":true,"href":"https:\/\/boeselager-realschule.de\/index.php?rest_route=\/wp\/v2\/users\/5"}],"replies":[{"embeddable":true,"href":"https:\/\/boeselager-realschule.de\/index.php?rest_route=%2Fwp%2Fv2%2Fcomments&post=6978"}],"version-history":[{"count":0,"href":"https:\/\/boeselager-realschule.de\/index.php?rest_route=\/wp\/v2\/posts\/6978\/revisions"}],"wp:attachment":[{"href":"https:\/\/boeselager-realschule.de\/index.php?rest_route=%2Fwp%2Fv2%2Fmedia&parent=6978"}],"wp:term":[{"taxonomy":"category","embeddable":true,"href":"https:\/\/boeselager-realschule.de\/index.php?rest_route=%2Fwp%2Fv2%2Fcategories&post=6978"},{"taxonomy":"post_tag","embeddable":true,"href":"https:\/\/boeselager-realschule.de\/index.php?rest_route=%2Fwp%2Fv2%2Ftags&post=6978"}],"curies":[{"name":"wp","href":"https:\/\/api.w.org\/{rel}","templated":true}]}}