{"id":4180,"date":"2013-09-17T22:56:13","date_gmt":"2013-09-17T20:56:13","guid":{"rendered":"http:\/\/boeselager-realschule.de\/?p=4180"},"modified":"2013-09-17T23:01:40","modified_gmt":"2013-09-17T21:01:40","slug":"wk-4-team-sammelte-erfahrung-bei-jugend-trainiert","status":"publish","type":"post","link":"https:\/\/boeselager-realschule.de\/?p=4180","title":{"rendered":"WK 4-Team sammelte Erfahrung"},"content":{"rendered":"<div id=\"attachment_4181\" style=\"width: 413px\" class=\"wp-caption aligncenter\"><a href=\"http:\/\/boeselager-realschule.de\/wp-content\/uploads\/2013\/09\/2013WK4.jpg\" target=\"_blank\"><img loading=\"lazy\" decoding=\"async\" aria-describedby=\"caption-attachment-4181\" class=\" wp-image-4181\" title=\"Vorrundenturnier von \u201cJugend trainiert f\u00fcr Olympia\u201d \" alt=\"Mit Spa\u00df dabei gewesen - unser WK 4-Team 2013\/14\" src=\"http:\/\/boeselager-realschule.de\/wp-content\/uploads\/2013\/09\/2013WK4.jpg\" width=\"403\" height=\"403\" srcset=\"https:\/\/boeselager-realschule.de\/wp-content\/uploads\/2013\/09\/2013WK4.jpg 960w, https:\/\/boeselager-realschule.de\/wp-content\/uploads\/2013\/09\/2013WK4-150x150.jpg 150w, https:\/\/boeselager-realschule.de\/wp-content\/uploads\/2013\/09\/2013WK4-300x300.jpg 300w\" sizes=\"auto, (max-width: 403px) 100vw, 403px\" \/><\/a><p id=\"caption-attachment-4181\" class=\"wp-caption-text\">Mit Spa\u00df dabei gewesen &#8211; unser WK 4-Team 2013\/14<\/p><\/div>\n<p style=\"text-align: left;\">Unsere j\u00fcngsten Fu\u00dfballer (Wettkampf IV &#8211; Jahrg\u00e4nge 2002 bis 2004) haben sich am 17.09.13 bei &#8220;Jugend trainiert f\u00fcr Olympia&#8221; im Apollinaris-Stadion in Bad Neuenahr wacker geschlagen. Auf die ungl\u00fcckliche 1:2-Auftakt-Niederlage gegen den sp\u00e4teren Turniersieger PJG folgten zwei Unentschieden: 2:2 gegen das Gymnasium Calvarienberg und ein 1:1 gegen das Are-Gymnasium. F\u00fcr die n\u00e4chste Runde qualifizierten sich die Jungfu\u00dfballer des Peter Joerres Gymnasiums. Herzlichen Gl\u00fcckwunsch!<\/p>\n<p>Je ein \u00a0Tor f\u00fcr das von Ralf Breuer betreutes Team der Boeselager-Realschule schossen: Leon Gebauer, Leon Trabert, Nico M\u00fcller und Eliah Schneider.<\/p>\n<blockquote><p><em>F\u00fcr die Philipp Freiherr von Boeselager Realschule plus Ahrweiler \u00a0spielten:<\/em><\/p>\n<p>Benedict Arzdorf,\u00a0Marcel Breuer (Torwart),\u00a0Leon Gebauer, Marius Hoppe, Nico M\u00fcller, Gabriel Nelles, Eliah Schneider, Mika Schumacher, Leon Trabert und Dario Trelles-Vasquez<\/p><\/blockquote>\n","protected":false},"excerpt":{"rendered":"<p>Unsere j\u00fcngsten Fu\u00dfballer (Wettkampf IV &#8211; Jahrg\u00e4nge 2002 bis 2004) haben sich am 17.09.13 bei &#8220;Jugend trainiert f\u00fcr Olympia&#8221; im Apollinaris-Stadion in Bad Neuenahr wacker geschlagen. Auf die ungl\u00fcckliche 1:2-Auftakt-Niederlage gegen den sp\u00e4teren Turniersieger PJG folgten zwei Unentschieden: 2:2 gegen das Gymnasium Calvarienberg und ein 1:1 gegen das Are-Gymnasium. F\u00fcr die n\u00e4chste Runde qualifizierten sich [&hellip;]<\/p>\n","protected":false},"author":5,"featured_media":0,"comment_status":"closed","ping_status":"open","sticky":false,"template":"","format":"standard","meta":{"ngg_post_thumbnail":0,"footnotes":""},"categories":[83,228,84],"tags":[],"class_list":["post-4180","post","type-post","status-publish","format-standard","hentry","category-fusball","category-jugend-trainiert","category-sport"],"yoast_head":"<!-- This site is optimized with the Yoast SEO plugin v28.3 - https:\/\/yoast.com\/product\/yoast-seo-wordpress\/ -->\n<title>WK 4-Team sammelte Erfahrung &#183; Philipp Freiherr von Boeselager Realschule plus Ahrweiler<\/title>\n<meta name=\"description\" content=\"Realschule plus, Ahrweiler, Boeselager Realschule, individuelle F\u00f6rderung, Wahlpflichtf\u00e4cher, internationale Partnerschaften, Arbeitsgemeinschaften, Bildung, Schulgemeinschaft\" \/>\n<meta name=\"robots\" content=\"index, follow, max-snippet:-1, max-image-preview:large, max-video-preview:-1\" \/>\n<link rel=\"canonical\" href=\"https:\/\/boeselager-realschule.de\/?p=4180\" \/>\n<meta property=\"og:locale\" content=\"de_DE\" \/>\n<meta property=\"og:type\" content=\"article\" \/>\n<meta property=\"og:title\" content=\"WK 4-Team sammelte Erfahrung &#183; Philipp Freiherr von Boeselager Realschule plus Ahrweiler\" \/>\n<meta property=\"og:description\" content=\"Realschule plus, Ahrweiler, Boeselager Realschule, individuelle F\u00f6rderung, Wahlpflichtf\u00e4cher, internationale Partnerschaften, Arbeitsgemeinschaften, Bildung, Schulgemeinschaft\" \/>\n<meta property=\"og:url\" content=\"https:\/\/boeselager-realschule.de\/?p=4180\" \/>\n<meta property=\"og:site_name\" content=\"Philipp Freiherr von Boeselager Realschule plus Ahrweiler\" \/>\n<meta property=\"article:publisher\" content=\"https:\/\/www.facebook.com\/rsplus\" \/>\n<meta property=\"article:published_time\" content=\"2013-09-17T20:56:13+00:00\" \/>\n<meta property=\"article:modified_time\" content=\"2013-09-17T21:01:40+00:00\" \/>\n<meta property=\"og:image\" content=\"http:\/\/boeselager-realschule.de\/wp-content\/uploads\/2013\/09\/2013WK4.jpg\" \/>\n<meta name=\"author\" content=\"Ralf Breuer\" \/>\n<meta name=\"twitter:card\" content=\"summary_large_image\" \/>\n<meta name=\"twitter:label1\" content=\"Verfasst von\" \/>\n\t<meta name=\"twitter:data1\" content=\"Ralf Breuer\" \/>\n\t<meta name=\"twitter:label2\" content=\"Gesch\u00e4tzte Lesezeit\" \/>\n\t<meta name=\"twitter:data2\" content=\"1\u00a0Minute\" \/>\n<script type=\"application\/ld+json\" class=\"yoast-schema-graph\">{\"@context\":\"https:\\\/\\\/schema.org\",\"@graph\":[{\"@type\":\"Article\",\"@id\":\"https:\\\/\\\/boeselager-realschule.de\\\/?p=4180#article\",\"isPartOf\":{\"@id\":\"https:\\\/\\\/boeselager-realschule.de\\\/?p=4180\"},\"author\":{\"name\":\"Ralf Breuer\",\"@id\":\"https:\\\/\\\/boeselager-realschule.de\\\/#\\\/schema\\\/person\\\/5dee4af139bfcd761fb95ababfd1d028\"},\"headline\":\"WK 4-Team sammelte Erfahrung\",\"datePublished\":\"2013-09-17T20:56:13+00:00\",\"dateModified\":\"2013-09-17T21:01:40+00:00\",\"mainEntityOfPage\":{\"@id\":\"https:\\\/\\\/boeselager-realschule.de\\\/?p=4180\"},\"wordCount\":145,\"publisher\":{\"@id\":\"https:\\\/\\\/boeselager-realschule.de\\\/#organization\"},\"image\":{\"@id\":\"https:\\\/\\\/boeselager-realschule.de\\\/?p=4180#primaryimage\"},\"thumbnailUrl\":\"http:\\\/\\\/boeselager-realschule.de\\\/wp-content\\\/uploads\\\/2013\\\/09\\\/2013WK4.jpg\",\"articleSection\":[\"Fu\u00dfball\",\"Jugend trainiert\",\"Sport\"],\"inLanguage\":\"de\"},{\"@type\":\"WebPage\",\"@id\":\"https:\\\/\\\/boeselager-realschule.de\\\/?p=4180\",\"url\":\"https:\\\/\\\/boeselager-realschule.de\\\/?p=4180\",\"name\":\"WK 4-Team sammelte Erfahrung &#183; Philipp Freiherr von Boeselager Realschule plus Ahrweiler\",\"isPartOf\":{\"@id\":\"https:\\\/\\\/boeselager-realschule.de\\\/#website\"},\"primaryImageOfPage\":{\"@id\":\"https:\\\/\\\/boeselager-realschule.de\\\/?p=4180#primaryimage\"},\"image\":{\"@id\":\"https:\\\/\\\/boeselager-realschule.de\\\/?p=4180#primaryimage\"},\"thumbnailUrl\":\"http:\\\/\\\/boeselager-realschule.de\\\/wp-content\\\/uploads\\\/2013\\\/09\\\/2013WK4.jpg\",\"datePublished\":\"2013-09-17T20:56:13+00:00\",\"dateModified\":\"2013-09-17T21:01:40+00:00\",\"description\":\"Realschule plus, Ahrweiler, Boeselager Realschule, individuelle F\u00f6rderung, Wahlpflichtf\u00e4cher, internationale Partnerschaften, Arbeitsgemeinschaften, Bildung, Schulgemeinschaft\",\"breadcrumb\":{\"@id\":\"https:\\\/\\\/boeselager-realschule.de\\\/?p=4180#breadcrumb\"},\"inLanguage\":\"de\",\"potentialAction\":[{\"@type\":\"ReadAction\",\"target\":[\"https:\\\/\\\/boeselager-realschule.de\\\/?p=4180\"]}]},{\"@type\":\"ImageObject\",\"inLanguage\":\"de\",\"@id\":\"https:\\\/\\\/boeselager-realschule.de\\\/?p=4180#primaryimage\",\"url\":\"http:\\\/\\\/boeselager-realschule.de\\\/wp-content\\\/uploads\\\/2013\\\/09\\\/2013WK4.jpg\",\"contentUrl\":\"http:\\\/\\\/boeselager-realschule.de\\\/wp-content\\\/uploads\\\/2013\\\/09\\\/2013WK4.jpg\"},{\"@type\":\"BreadcrumbList\",\"@id\":\"https:\\\/\\\/boeselager-realschule.de\\\/?p=4180#breadcrumb\",\"itemListElement\":[{\"@type\":\"ListItem\",\"position\":1,\"name\":\"Startseite\",\"item\":\"https:\\\/\\\/boeselager-realschule.de\\\/\"},{\"@type\":\"ListItem\",\"position\":2,\"name\":\"WK 4-Team sammelte Erfahrung\"}]},{\"@type\":\"WebSite\",\"@id\":\"https:\\\/\\\/boeselager-realschule.de\\\/#website\",\"url\":\"https:\\\/\\\/boeselager-realschule.de\\\/\",\"name\":\"Philipp Freiherr von Boeselager Realschule plus Ahrweiler\",\"description\":\"\",\"publisher\":{\"@id\":\"https:\\\/\\\/boeselager-realschule.de\\\/#organization\"},\"potentialAction\":[{\"@type\":\"SearchAction\",\"target\":{\"@type\":\"EntryPoint\",\"urlTemplate\":\"https:\\\/\\\/boeselager-realschule.de\\\/?s={search_term_string}\"},\"query-input\":{\"@type\":\"PropertyValueSpecification\",\"valueRequired\":true,\"valueName\":\"search_term_string\"}}],\"inLanguage\":\"de\"},{\"@type\":\"Organization\",\"@id\":\"https:\\\/\\\/boeselager-realschule.de\\\/#organization\",\"name\":\"Philipp Freiherr von Boeselager Realschule plus Ahrweiler\",\"url\":\"https:\\\/\\\/boeselager-realschule.de\\\/\",\"logo\":{\"@type\":\"ImageObject\",\"inLanguage\":\"de\",\"@id\":\"https:\\\/\\\/boeselager-realschule.de\\\/#\\\/schema\\\/logo\\\/image\\\/\",\"url\":\"https:\\\/\\\/boeselager-realschule.de\\\/wp-content\\\/uploads\\\/2025\\\/02\\\/logo_280-gif.gif\",\"contentUrl\":\"https:\\\/\\\/boeselager-realschule.de\\\/wp-content\\\/uploads\\\/2025\\\/02\\\/logo_280-gif.gif\",\"width\":280,\"height\":226,\"caption\":\"Philipp Freiherr von Boeselager Realschule plus Ahrweiler\"},\"image\":{\"@id\":\"https:\\\/\\\/boeselager-realschule.de\\\/#\\\/schema\\\/logo\\\/image\\\/\"},\"sameAs\":[\"https:\\\/\\\/www.facebook.com\\\/rsplus\"]},{\"@type\":\"Person\",\"@id\":\"https:\\\/\\\/boeselager-realschule.de\\\/#\\\/schema\\\/person\\\/5dee4af139bfcd761fb95ababfd1d028\",\"name\":\"Ralf Breuer\",\"sameAs\":[\"http:\\\/\\\/www.breuer-info.de\"],\"url\":\"https:\\\/\\\/boeselager-realschule.de\\\/?author=5\"}]}<\/script>\n<!-- \/ Yoast SEO plugin. -->","yoast_head_json":{"title":"WK 4-Team sammelte Erfahrung &#183; Philipp Freiherr von Boeselager Realschule plus Ahrweiler","description":"Realschule plus, Ahrweiler, Boeselager Realschule, individuelle F\u00f6rderung, Wahlpflichtf\u00e4cher, internationale Partnerschaften, Arbeitsgemeinschaften, Bildung, Schulgemeinschaft","robots":{"index":"index","follow":"follow","max-snippet":"max-snippet:-1","max-image-preview":"max-image-preview:large","max-video-preview":"max-video-preview:-1"},"canonical":"https:\/\/boeselager-realschule.de\/?p=4180","og_locale":"de_DE","og_type":"article","og_title":"WK 4-Team sammelte Erfahrung &#183; Philipp Freiherr von Boeselager Realschule plus Ahrweiler","og_description":"Realschule plus, Ahrweiler, Boeselager Realschule, individuelle F\u00f6rderung, Wahlpflichtf\u00e4cher, internationale Partnerschaften, Arbeitsgemeinschaften, Bildung, Schulgemeinschaft","og_url":"https:\/\/boeselager-realschule.de\/?p=4180","og_site_name":"Philipp Freiherr von Boeselager Realschule plus Ahrweiler","article_publisher":"https:\/\/www.facebook.com\/rsplus","article_published_time":"2013-09-17T20:56:13+00:00","article_modified_time":"2013-09-17T21:01:40+00:00","og_image":[{"url":"http:\/\/boeselager-realschule.de\/wp-content\/uploads\/2013\/09\/2013WK4.jpg","type":"","width":"","height":""}],"author":"Ralf Breuer","twitter_card":"summary_large_image","twitter_misc":{"Verfasst von":"Ralf Breuer","Gesch\u00e4tzte Lesezeit":"1\u00a0Minute"},"schema":{"@context":"https:\/\/schema.org","@graph":[{"@type":"Article","@id":"https:\/\/boeselager-realschule.de\/?p=4180#article","isPartOf":{"@id":"https:\/\/boeselager-realschule.de\/?p=4180"},"author":{"name":"Ralf Breuer","@id":"https:\/\/boeselager-realschule.de\/#\/schema\/person\/5dee4af139bfcd761fb95ababfd1d028"},"headline":"WK 4-Team sammelte Erfahrung","datePublished":"2013-09-17T20:56:13+00:00","dateModified":"2013-09-17T21:01:40+00:00","mainEntityOfPage":{"@id":"https:\/\/boeselager-realschule.de\/?p=4180"},"wordCount":145,"publisher":{"@id":"https:\/\/boeselager-realschule.de\/#organization"},"image":{"@id":"https:\/\/boeselager-realschule.de\/?p=4180#primaryimage"},"thumbnailUrl":"http:\/\/boeselager-realschule.de\/wp-content\/uploads\/2013\/09\/2013WK4.jpg","articleSection":["Fu\u00dfball","Jugend trainiert","Sport"],"inLanguage":"de"},{"@type":"WebPage","@id":"https:\/\/boeselager-realschule.de\/?p=4180","url":"https:\/\/boeselager-realschule.de\/?p=4180","name":"WK 4-Team sammelte Erfahrung &#183; Philipp Freiherr von Boeselager Realschule plus Ahrweiler","isPartOf":{"@id":"https:\/\/boeselager-realschule.de\/#website"},"primaryImageOfPage":{"@id":"https:\/\/boeselager-realschule.de\/?p=4180#primaryimage"},"image":{"@id":"https:\/\/boeselager-realschule.de\/?p=4180#primaryimage"},"thumbnailUrl":"http:\/\/boeselager-realschule.de\/wp-content\/uploads\/2013\/09\/2013WK4.jpg","datePublished":"2013-09-17T20:56:13+00:00","dateModified":"2013-09-17T21:01:40+00:00","description":"Realschule plus, Ahrweiler, Boeselager Realschule, individuelle F\u00f6rderung, Wahlpflichtf\u00e4cher, internationale Partnerschaften, Arbeitsgemeinschaften, Bildung, Schulgemeinschaft","breadcrumb":{"@id":"https:\/\/boeselager-realschule.de\/?p=4180#breadcrumb"},"inLanguage":"de","potentialAction":[{"@type":"ReadAction","target":["https:\/\/boeselager-realschule.de\/?p=4180"]}]},{"@type":"ImageObject","inLanguage":"de","@id":"https:\/\/boeselager-realschule.de\/?p=4180#primaryimage","url":"http:\/\/boeselager-realschule.de\/wp-content\/uploads\/2013\/09\/2013WK4.jpg","contentUrl":"http:\/\/boeselager-realschule.de\/wp-content\/uploads\/2013\/09\/2013WK4.jpg"},{"@type":"BreadcrumbList","@id":"https:\/\/boeselager-realschule.de\/?p=4180#breadcrumb","itemListElement":[{"@type":"ListItem","position":1,"name":"Startseite","item":"https:\/\/boeselager-realschule.de\/"},{"@type":"ListItem","position":2,"name":"WK 4-Team sammelte Erfahrung"}]},{"@type":"WebSite","@id":"https:\/\/boeselager-realschule.de\/#website","url":"https:\/\/boeselager-realschule.de\/","name":"Philipp Freiherr von Boeselager Realschule plus Ahrweiler","description":"","publisher":{"@id":"https:\/\/boeselager-realschule.de\/#organization"},"potentialAction":[{"@type":"SearchAction","target":{"@type":"EntryPoint","urlTemplate":"https:\/\/boeselager-realschule.de\/?s={search_term_string}"},"query-input":{"@type":"PropertyValueSpecification","valueRequired":true,"valueName":"search_term_string"}}],"inLanguage":"de"},{"@type":"Organization","@id":"https:\/\/boeselager-realschule.de\/#organization","name":"Philipp Freiherr von Boeselager Realschule plus Ahrweiler","url":"https:\/\/boeselager-realschule.de\/","logo":{"@type":"ImageObject","inLanguage":"de","@id":"https:\/\/boeselager-realschule.de\/#\/schema\/logo\/image\/","url":"https:\/\/boeselager-realschule.de\/wp-content\/uploads\/2025\/02\/logo_280-gif.gif","contentUrl":"https:\/\/boeselager-realschule.de\/wp-content\/uploads\/2025\/02\/logo_280-gif.gif","width":280,"height":226,"caption":"Philipp Freiherr von Boeselager Realschule plus Ahrweiler"},"image":{"@id":"https:\/\/boeselager-realschule.de\/#\/schema\/logo\/image\/"},"sameAs":["https:\/\/www.facebook.com\/rsplus"]},{"@type":"Person","@id":"https:\/\/boeselager-realschule.de\/#\/schema\/person\/5dee4af139bfcd761fb95ababfd1d028","name":"Ralf Breuer","sameAs":["http:\/\/www.breuer-info.de"],"url":"https:\/\/boeselager-realschule.de\/?author=5"}]}},"_links":{"self":[{"href":"https:\/\/boeselager-realschule.de\/index.php?rest_route=\/wp\/v2\/posts\/4180","targetHints":{"allow":["GET"]}}],"collection":[{"href":"https:\/\/boeselager-realschule.de\/index.php?rest_route=\/wp\/v2\/posts"}],"about":[{"href":"https:\/\/boeselager-realschule.de\/index.php?rest_route=\/wp\/v2\/types\/post"}],"author":[{"embeddable":true,"href":"https:\/\/boeselager-realschule.de\/index.php?rest_route=\/wp\/v2\/users\/5"}],"replies":[{"embeddable":true,"href":"https:\/\/boeselager-realschule.de\/index.php?rest_route=%2Fwp%2Fv2%2Fcomments&post=4180"}],"version-history":[{"count":0,"href":"https:\/\/boeselager-realschule.de\/index.php?rest_route=\/wp\/v2\/posts\/4180\/revisions"}],"wp:attachment":[{"href":"https:\/\/boeselager-realschule.de\/index.php?rest_route=%2Fwp%2Fv2%2Fmedia&parent=4180"}],"wp:term":[{"taxonomy":"category","embeddable":true,"href":"https:\/\/boeselager-realschule.de\/index.php?rest_route=%2Fwp%2Fv2%2Fcategories&post=4180"},{"taxonomy":"post_tag","embeddable":true,"href":"https:\/\/boeselager-realschule.de\/index.php?rest_route=%2Fwp%2Fv2%2Ftags&post=4180"}],"curies":[{"name":"wp","href":"https:\/\/api.w.org\/{rel}","templated":true}]}}