{"id":2202,"date":"2011-11-09T18:17:32","date_gmt":"2011-11-09T17:17:32","guid":{"rendered":"http:\/\/boeselager-realschule.de\/?p=2202"},"modified":"2011-11-22T08:42:36","modified_gmt":"2011-11-22T07:42:36","slug":"schuler-besuchten-u-18-landerspiel-in-bad-neuenahr","status":"publish","type":"post","link":"https:\/\/boeselager-realschule.de\/?p=2202","title":{"rendered":"Sch\u00fcler besuchten U 18-L\u00e4nderspiel"},"content":{"rendered":"<p style=\"text-align: center;\"><img loading=\"lazy\" decoding=\"async\" class=\"aligncenter size-full wp-image-2205\" title=\"Sch\u00fcler besuchten U 18-L\u00e4nderspiel Deutschland - Italien in Bad Neuenahr\" src=\"http:\/\/boeselager-realschule.de\/wp-content\/uploads\/2011\/11\/nationalhymne.jpg\" alt=\"\" width=\"597\" height=\"109\" srcset=\"https:\/\/boeselager-realschule.de\/wp-content\/uploads\/2011\/11\/nationalhymne.jpg 597w, https:\/\/boeselager-realschule.de\/wp-content\/uploads\/2011\/11\/nationalhymne-300x54.jpg 300w\" sizes=\"auto, (max-width: 597px) 100vw, 597px\" \/><\/p>\n<p>Eine neu formierte U 18-Nationalmannschaft des Deutschen Fu\u00dfball-Bundes (DFB) hat zum Saisonauftakt mit 2:1 (1:1) gegen Italien gewonnen. Neu-Trainer Christian Ziege gab beim Spiel im Apollinaris-Stadion in Bad Neuenahr sein Deb\u00fct auf der Bank der U 18-Junioren.<\/p>\n<p>Vor 3560 Zuschauern &#8211; darunter 4 Klassen unserer Schule, 3 Sch\u00fcler als offizielle Balljungen und ein Team unseres Sch\u00fclerradios &#8211;\u00a0 geriet die deutsche Junioren-Auswahl jedoch zun\u00e4chst mit 0:1 in R\u00fcckstand. Emanuele Gatto brachte die Italiener schon in der 7. Minute in F\u00fchrung. Der Ausgleich folgte in der 34. Minute durch Maximilian Arnold vom VfL Wolfsburg &#8211; was dann auch gleichzeitig der Halbzeitstand war. Das Siegtor zum 2:1 fiel in der 54. Minute durch Mittelfeldspieler Martin Kobylanski vom FC Energie Cottbus.<\/p>\n<div id=\"attachment_2323\" style=\"width: 131px\" class=\"wp-caption alignleft\"><a href=\"http:\/\/boeselager-realschule.de\/wp-content\/uploads\/2011\/11\/Web-Bericht-L\u00e4nderspiel.mp3\" target=\"_blank\"><img loading=\"lazy\" decoding=\"async\" aria-describedby=\"caption-attachment-2323\" class=\"size-full wp-image-2323  \" title=\"Web-Bericht des Sch\u00fclerradios \u00fcber das L\u00e4nderspiel - klicken...\" src=\"http:\/\/boeselager-realschule.de\/wp-content\/uploads\/2011\/11\/webbericht.jpg\" alt=\"Web-Bericht des Sch\u00fclerradios \u00fcber das L\u00e4nderspiel - klicken...\" width=\"121\" height=\"100\" srcset=\"https:\/\/boeselager-realschule.de\/wp-content\/uploads\/2011\/11\/webbericht.jpg 400w, https:\/\/boeselager-realschule.de\/wp-content\/uploads\/2011\/11\/webbericht-300x248.jpg 300w\" sizes=\"auto, (max-width: 121px) 100vw, 121px\" \/><\/a><p id=\"caption-attachment-2323\" class=\"wp-caption-text\">Bericht - klicken...<\/p><\/div>\n<p>Dank einer Akkreditierung durch den DFB konnten die zwei &#8220;Sch\u00fclerradio-Reporter&#8221; Andre Angerer und David Heinen (beide 5b) mit dem Leiter der AG Sch\u00fclerradio, Ralf Breuer, das Junioren-L\u00e4nderspiel aus dem Innenbereich verfolgen und nach Abpfiff noch einige interessante Interviews f\u00fchren.<br \/>\nSelbst an den Neu-Trainer Christian Ziege und den DFB-Sportdirektor Matthias Sammer wagten sie sich bei ihrem ersten Einsatz \u00fcberhaupt ran:-)<\/p>\n<p style=\"text-align: center;\"><strong><em>Zum Anh\u00f6ren der Interviews einfach auf das entsprechende Bild klicken&#8230;<\/em><\/strong><\/p>\n<div id=\"attachment_2206\" style=\"width: 490px\" class=\"wp-caption aligncenter\"><a href=\"http:\/\/boeselager-realschule.de\/wp-content\/uploads\/2011\/11\/Michael-Schindele.mp3\" target=\"_blank\"><img loading=\"lazy\" decoding=\"async\" aria-describedby=\"caption-attachment-2206\" class=\"size-full wp-image-2206  \" title=\"Andre und David mit Michael Schindele vom 1. FC Kaiserslautern\" src=\"http:\/\/boeselager-realschule.de\/wp-content\/uploads\/2011\/11\/schindele.jpg\" alt=\"\" width=\"480\" height=\"360\" srcset=\"https:\/\/boeselager-realschule.de\/wp-content\/uploads\/2011\/11\/schindele.jpg 600w, https:\/\/boeselager-realschule.de\/wp-content\/uploads\/2011\/11\/schindele-300x225.jpg 300w\" sizes=\"auto, (max-width: 480px) 100vw, 480px\" \/><\/a><p id=\"caption-attachment-2206\" class=\"wp-caption-text\">Andre und David mit Michael Schindele vom 1. FC Kaiserslautern...<\/p><\/div>\n<div class=\"mceTemp mceIEcenter\">\n<div id=\"attachment_2238\" style=\"width: 490px\" class=\"wp-caption aligncenter\"><a href=\"http:\/\/boeselager-realschule.de\/wp-content\/uploads\/2011\/11\/Daniel-Bohl.mp3\" target=\"_blank\"><img loading=\"lazy\" decoding=\"async\" aria-describedby=\"caption-attachment-2238\" class=\"size-full wp-image-2238 \" title=\"Daniel Bohl\" src=\"http:\/\/boeselager-realschule.de\/wp-content\/uploads\/2011\/11\/bohl1.jpg\" alt=\"\" width=\"480\" height=\"360\" srcset=\"https:\/\/boeselager-realschule.de\/wp-content\/uploads\/2011\/11\/bohl1.jpg 600w, https:\/\/boeselager-realschule.de\/wp-content\/uploads\/2011\/11\/bohl1-300x225.jpg 300w\" sizes=\"auto, (max-width: 480px) 100vw, 480px\" \/><\/a><p id=\"caption-attachment-2238\" class=\"wp-caption-text\">\u2026 mit Daniel Bohl vom FSV Mainz 05 im Gespr\u00e4ch<\/p><\/div>\n<dl id=\"attachment_2208\" class=\"wp-caption aligncenter\" style=\"width: 490px;\">\n<dt class=\"wp-caption-dt\"><a href=\"http:\/\/boeselager-realschule.de\/wp-content\/uploads\/2011\/11\/Patrick-Schorr.mp3\" target=\"_blank\"><img loading=\"lazy\" decoding=\"async\" class=\"size-full wp-image-2208  \" title=\"Patrick Schorr von der TSG Hoffenheim\" src=\"http:\/\/boeselager-realschule.de\/wp-content\/uploads\/2011\/11\/schorr.jpg\" alt=\"\" width=\"480\" height=\"360\" srcset=\"https:\/\/boeselager-realschule.de\/wp-content\/uploads\/2011\/11\/schorr.jpg 600w, https:\/\/boeselager-realschule.de\/wp-content\/uploads\/2011\/11\/schorr-300x225.jpg 300w\" sizes=\"auto, (max-width: 480px) 100vw, 480px\" \/><\/a><\/dt>\n<dd class=\"wp-caption-dd\">Unsere Reporter interviewen Patrick Schorr von der TSG Hoffenheim<\/dd>\n<\/dl>\n<\/div>\n<div id=\"attachment_2210\" style=\"width: 490px\" class=\"wp-caption aligncenter\"><a href=\"http:\/\/boeselager-realschule.de\/wp-content\/uploads\/2011\/11\/Sammer.mp3\" target=\"_blank\"><img loading=\"lazy\" decoding=\"async\" aria-describedby=\"caption-attachment-2210\" class=\"size-full wp-image-2210\" title=\"DFB-Sportdirektor Matthias Sammer\" src=\"http:\/\/boeselager-realschule.de\/wp-content\/uploads\/2011\/11\/sammer.jpg\" alt=\"\" width=\"480\" height=\"360\" srcset=\"https:\/\/boeselager-realschule.de\/wp-content\/uploads\/2011\/11\/sammer.jpg 600w, https:\/\/boeselager-realschule.de\/wp-content\/uploads\/2011\/11\/sammer-300x225.jpg 300w\" sizes=\"auto, (max-width: 480px) 100vw, 480px\" \/><\/a><p id=\"caption-attachment-2210\" class=\"wp-caption-text\">Andre und David fragten sogar den DFB-Sportdirektor Matthias Sammer nach Tipps f\u00fcr junge Fu\u00dfballer, die auch Profi werden wollen - Sammer wurde 1996 Europameister, gewann mit Borussia Dortmund 1997 die Champions League und den Weltpokal und war dreimal Deutscher Meister<\/p><\/div>\n<div id=\"attachment_2224\" style=\"width: 490px\" class=\"wp-caption aligncenter\"><a href=\"http:\/\/boeselager-realschule.de\/wp-content\/uploads\/2011\/11\/Ziege.mp3\" target=\"_blank\"><img loading=\"lazy\" decoding=\"async\" aria-describedby=\"caption-attachment-2224\" class=\"size-full wp-image-2224\" title=\"Christian Ziege \" src=\"http:\/\/boeselager-realschule.de\/wp-content\/uploads\/2011\/11\/ziege.jpg\" alt=\"\" width=\"480\" height=\"360\" srcset=\"https:\/\/boeselager-realschule.de\/wp-content\/uploads\/2011\/11\/ziege.jpg 600w, https:\/\/boeselager-realschule.de\/wp-content\/uploads\/2011\/11\/ziege-300x225.jpg 300w\" sizes=\"auto, (max-width: 480px) 100vw, 480px\" \/><\/a><p id=\"caption-attachment-2224\" class=\"wp-caption-text\">Christian Ziege fragten sie, ob er nerv\u00f6s gewesen sei vor seinem ersten Spiel als Junioren-Nationaltrainer...<\/p><\/div>\n<p style=\"text-align: center;\"><strong><em>Zum Anh\u00f6ren der Interviews einfach auf das entsprechende Bild klicken&#8230;<\/em><\/strong><\/p>\n<p style=\"text-align: right;\"><em>Text\/Fotos: Ralf Breuer<\/em><\/p>\n<blockquote>\n<p style=\"text-align: left;\">Die AG Sch\u00fclerradio findet\u00a0 im Rahmen der <a href=\"http:\/\/boeselager-realschule.de\/?page_id=2037\">Nachmittagsbetreuung <\/a>unserer Schule statt&#8230;<\/p>\n<p style=\"text-align: left;\">Wer noch Interesse hat -&gt; dienstags &#8211; 14.00 bis 15.00 Uhr &#8211; Raum 316<\/p>\n<\/blockquote>\n","protected":false},"excerpt":{"rendered":"<p>Eine neu formierte U 18-Nationalmannschaft des Deutschen Fu\u00dfball-Bundes (DFB) hat zum Saisonauftakt mit 2:1 (1:1) gegen Italien gewonnen. Neu-Trainer Christian Ziege gab beim Spiel im Apollinaris-Stadion in Bad Neuenahr sein Deb\u00fct auf der Bank der U 18-Junioren. Vor 3560 Zuschauern &#8211; darunter 4 Klassen unserer Schule, 3 Sch\u00fcler als offizielle Balljungen und ein Team unseres [&hellip;]<\/p>\n","protected":false},"author":5,"featured_media":0,"comment_status":"closed","ping_status":"open","sticky":false,"template":"","format":"standard","meta":{"ngg_post_thumbnail":0,"footnotes":""},"categories":[157,83,12,84],"tags":[253,241,239,238,243,240,242,537],"class_list":["post-2202","post","type-post","status-publish","format-standard","hentry","category-arbeitsgemeinschaften","category-fusball","category-medien","category-sport","tag-christian-ziege","tag-daniel-bohl","tag-dfb","tag-landerspiel","tag-matthias-sammer","tag-michael-schindele","tag-patrick-schorr","tag-schulerradio"],"yoast_head":"<!-- This site is optimized with the Yoast SEO plugin v27.5 - https:\/\/yoast.com\/product\/yoast-seo-wordpress\/ -->\n<title>Sch\u00fcler besuchten U 18-L\u00e4nderspiel &#183; Philipp Freiherr von Boeselager Realschule plus Ahrweiler<\/title>\n<meta name=\"description\" content=\"Realschule plus, Ahrweiler, Boeselager Realschule, individuelle F\u00f6rderung, Wahlpflichtf\u00e4cher, internationale Partnerschaften, Arbeitsgemeinschaften, Bildung, Schulgemeinschaft\" \/>\n<meta name=\"robots\" content=\"index, follow, max-snippet:-1, max-image-preview:large, max-video-preview:-1\" \/>\n<link rel=\"canonical\" href=\"https:\/\/boeselager-realschule.de\/?p=2202\" \/>\n<meta property=\"og:locale\" content=\"de_DE\" \/>\n<meta property=\"og:type\" content=\"article\" \/>\n<meta property=\"og:title\" content=\"Sch\u00fcler besuchten U 18-L\u00e4nderspiel &#183; Philipp Freiherr von Boeselager Realschule plus Ahrweiler\" \/>\n<meta property=\"og:description\" content=\"Realschule plus, Ahrweiler, Boeselager Realschule, individuelle F\u00f6rderung, Wahlpflichtf\u00e4cher, internationale Partnerschaften, Arbeitsgemeinschaften, Bildung, Schulgemeinschaft\" \/>\n<meta property=\"og:url\" content=\"https:\/\/boeselager-realschule.de\/?p=2202\" \/>\n<meta property=\"og:site_name\" content=\"Philipp Freiherr von Boeselager Realschule plus Ahrweiler\" \/>\n<meta property=\"article:publisher\" content=\"https:\/\/www.facebook.com\/rsplus\" \/>\n<meta property=\"article:published_time\" content=\"2011-11-09T17:17:32+00:00\" \/>\n<meta property=\"article:modified_time\" content=\"2011-11-22T07:42:36+00:00\" \/>\n<meta property=\"og:image\" content=\"http:\/\/boeselager-realschule.de\/wp-content\/uploads\/2011\/11\/nationalhymne.jpg\" \/>\n<meta name=\"author\" content=\"Ralf Breuer\" \/>\n<meta name=\"twitter:card\" content=\"summary_large_image\" \/>\n<meta name=\"twitter:label1\" content=\"Verfasst von\" \/>\n\t<meta name=\"twitter:data1\" content=\"Ralf Breuer\" \/>\n\t<meta name=\"twitter:label2\" content=\"Gesch\u00e4tzte Lesezeit\" \/>\n\t<meta name=\"twitter:data2\" content=\"2\u00a0Minuten\" \/>\n<script type=\"application\/ld+json\" class=\"yoast-schema-graph\">{\"@context\":\"https:\\\/\\\/schema.org\",\"@graph\":[{\"@type\":\"Article\",\"@id\":\"https:\\\/\\\/boeselager-realschule.de\\\/?p=2202#article\",\"isPartOf\":{\"@id\":\"https:\\\/\\\/boeselager-realschule.de\\\/?p=2202\"},\"author\":{\"name\":\"Ralf Breuer\",\"@id\":\"https:\\\/\\\/boeselager-realschule.de\\\/#\\\/schema\\\/person\\\/5dee4af139bfcd761fb95ababfd1d028\"},\"headline\":\"Sch\u00fcler besuchten U 18-L\u00e4nderspiel\",\"datePublished\":\"2011-11-09T17:17:32+00:00\",\"dateModified\":\"2011-11-22T07:42:36+00:00\",\"mainEntityOfPage\":{\"@id\":\"https:\\\/\\\/boeselager-realschule.de\\\/?p=2202\"},\"wordCount\":360,\"publisher\":{\"@id\":\"https:\\\/\\\/boeselager-realschule.de\\\/#organization\"},\"image\":{\"@id\":\"https:\\\/\\\/boeselager-realschule.de\\\/?p=2202#primaryimage\"},\"thumbnailUrl\":\"http:\\\/\\\/boeselager-realschule.de\\\/wp-content\\\/uploads\\\/2011\\\/11\\\/nationalhymne.jpg\",\"keywords\":[\"Christian Ziege\",\"Daniel Bohl\",\"DFB\",\"L\u00e4nderspiel\",\"Matthias Sammer\",\"Michael Schindele\",\"Patrick Schorr\",\"Sch\u00fclerradio\"],\"articleSection\":[\"Arbeitsgemeinschaften\",\"Fu\u00dfball\",\"Medien\",\"Sport\"],\"inLanguage\":\"de\"},{\"@type\":\"WebPage\",\"@id\":\"https:\\\/\\\/boeselager-realschule.de\\\/?p=2202\",\"url\":\"https:\\\/\\\/boeselager-realschule.de\\\/?p=2202\",\"name\":\"Sch\u00fcler besuchten U 18-L\u00e4nderspiel &#183; Philipp Freiherr von Boeselager Realschule plus Ahrweiler\",\"isPartOf\":{\"@id\":\"https:\\\/\\\/boeselager-realschule.de\\\/#website\"},\"primaryImageOfPage\":{\"@id\":\"https:\\\/\\\/boeselager-realschule.de\\\/?p=2202#primaryimage\"},\"image\":{\"@id\":\"https:\\\/\\\/boeselager-realschule.de\\\/?p=2202#primaryimage\"},\"thumbnailUrl\":\"http:\\\/\\\/boeselager-realschule.de\\\/wp-content\\\/uploads\\\/2011\\\/11\\\/nationalhymne.jpg\",\"datePublished\":\"2011-11-09T17:17:32+00:00\",\"dateModified\":\"2011-11-22T07:42:36+00:00\",\"description\":\"Realschule plus, Ahrweiler, Boeselager Realschule, individuelle F\u00f6rderung, Wahlpflichtf\u00e4cher, internationale Partnerschaften, Arbeitsgemeinschaften, Bildung, Schulgemeinschaft\",\"breadcrumb\":{\"@id\":\"https:\\\/\\\/boeselager-realschule.de\\\/?p=2202#breadcrumb\"},\"inLanguage\":\"de\",\"potentialAction\":[{\"@type\":\"ReadAction\",\"target\":[\"https:\\\/\\\/boeselager-realschule.de\\\/?p=2202\"]}]},{\"@type\":\"ImageObject\",\"inLanguage\":\"de\",\"@id\":\"https:\\\/\\\/boeselager-realschule.de\\\/?p=2202#primaryimage\",\"url\":\"https:\\\/\\\/boeselager-realschule.de\\\/wp-content\\\/uploads\\\/2011\\\/11\\\/nationalhymne.jpg\",\"contentUrl\":\"https:\\\/\\\/boeselager-realschule.de\\\/wp-content\\\/uploads\\\/2011\\\/11\\\/nationalhymne.jpg\",\"width\":\"597\",\"height\":\"109\"},{\"@type\":\"BreadcrumbList\",\"@id\":\"https:\\\/\\\/boeselager-realschule.de\\\/?p=2202#breadcrumb\",\"itemListElement\":[{\"@type\":\"ListItem\",\"position\":1,\"name\":\"Startseite\",\"item\":\"https:\\\/\\\/boeselager-realschule.de\\\/\"},{\"@type\":\"ListItem\",\"position\":2,\"name\":\"Sch\u00fcler besuchten U 18-L\u00e4nderspiel\"}]},{\"@type\":\"WebSite\",\"@id\":\"https:\\\/\\\/boeselager-realschule.de\\\/#website\",\"url\":\"https:\\\/\\\/boeselager-realschule.de\\\/\",\"name\":\"Philipp Freiherr von Boeselager Realschule plus Ahrweiler\",\"description\":\"\",\"publisher\":{\"@id\":\"https:\\\/\\\/boeselager-realschule.de\\\/#organization\"},\"potentialAction\":[{\"@type\":\"SearchAction\",\"target\":{\"@type\":\"EntryPoint\",\"urlTemplate\":\"https:\\\/\\\/boeselager-realschule.de\\\/?s={search_term_string}\"},\"query-input\":{\"@type\":\"PropertyValueSpecification\",\"valueRequired\":true,\"valueName\":\"search_term_string\"}}],\"inLanguage\":\"de\"},{\"@type\":\"Organization\",\"@id\":\"https:\\\/\\\/boeselager-realschule.de\\\/#organization\",\"name\":\"Philipp Freiherr von Boeselager Realschule plus Ahrweiler\",\"url\":\"https:\\\/\\\/boeselager-realschule.de\\\/\",\"logo\":{\"@type\":\"ImageObject\",\"inLanguage\":\"de\",\"@id\":\"https:\\\/\\\/boeselager-realschule.de\\\/#\\\/schema\\\/logo\\\/image\\\/\",\"url\":\"https:\\\/\\\/boeselager-realschule.de\\\/wp-content\\\/uploads\\\/2025\\\/02\\\/logo_280-gif.gif\",\"contentUrl\":\"https:\\\/\\\/boeselager-realschule.de\\\/wp-content\\\/uploads\\\/2025\\\/02\\\/logo_280-gif.gif\",\"width\":280,\"height\":226,\"caption\":\"Philipp Freiherr von Boeselager Realschule plus Ahrweiler\"},\"image\":{\"@id\":\"https:\\\/\\\/boeselager-realschule.de\\\/#\\\/schema\\\/logo\\\/image\\\/\"},\"sameAs\":[\"https:\\\/\\\/www.facebook.com\\\/rsplus\"]},{\"@type\":\"Person\",\"@id\":\"https:\\\/\\\/boeselager-realschule.de\\\/#\\\/schema\\\/person\\\/5dee4af139bfcd761fb95ababfd1d028\",\"name\":\"Ralf Breuer\",\"sameAs\":[\"http:\\\/\\\/www.breuer-info.de\"],\"url\":\"https:\\\/\\\/boeselager-realschule.de\\\/?author=5\"}]}<\/script>\n<!-- \/ Yoast SEO plugin. -->","yoast_head_json":{"title":"Sch\u00fcler besuchten U 18-L\u00e4nderspiel &#183; Philipp Freiherr von Boeselager Realschule plus Ahrweiler","description":"Realschule plus, Ahrweiler, Boeselager Realschule, individuelle F\u00f6rderung, Wahlpflichtf\u00e4cher, internationale Partnerschaften, Arbeitsgemeinschaften, Bildung, Schulgemeinschaft","robots":{"index":"index","follow":"follow","max-snippet":"max-snippet:-1","max-image-preview":"max-image-preview:large","max-video-preview":"max-video-preview:-1"},"canonical":"https:\/\/boeselager-realschule.de\/?p=2202","og_locale":"de_DE","og_type":"article","og_title":"Sch\u00fcler besuchten U 18-L\u00e4nderspiel &#183; Philipp Freiherr von Boeselager Realschule plus Ahrweiler","og_description":"Realschule plus, Ahrweiler, Boeselager Realschule, individuelle F\u00f6rderung, Wahlpflichtf\u00e4cher, internationale Partnerschaften, Arbeitsgemeinschaften, Bildung, Schulgemeinschaft","og_url":"https:\/\/boeselager-realschule.de\/?p=2202","og_site_name":"Philipp Freiherr von Boeselager Realschule plus Ahrweiler","article_publisher":"https:\/\/www.facebook.com\/rsplus","article_published_time":"2011-11-09T17:17:32+00:00","article_modified_time":"2011-11-22T07:42:36+00:00","og_image":[{"url":"http:\/\/boeselager-realschule.de\/wp-content\/uploads\/2011\/11\/nationalhymne.jpg","type":"","width":"","height":""}],"author":"Ralf Breuer","twitter_card":"summary_large_image","twitter_misc":{"Verfasst von":"Ralf Breuer","Gesch\u00e4tzte Lesezeit":"2\u00a0Minuten"},"schema":{"@context":"https:\/\/schema.org","@graph":[{"@type":"Article","@id":"https:\/\/boeselager-realschule.de\/?p=2202#article","isPartOf":{"@id":"https:\/\/boeselager-realschule.de\/?p=2202"},"author":{"name":"Ralf Breuer","@id":"https:\/\/boeselager-realschule.de\/#\/schema\/person\/5dee4af139bfcd761fb95ababfd1d028"},"headline":"Sch\u00fcler besuchten U 18-L\u00e4nderspiel","datePublished":"2011-11-09T17:17:32+00:00","dateModified":"2011-11-22T07:42:36+00:00","mainEntityOfPage":{"@id":"https:\/\/boeselager-realschule.de\/?p=2202"},"wordCount":360,"publisher":{"@id":"https:\/\/boeselager-realschule.de\/#organization"},"image":{"@id":"https:\/\/boeselager-realschule.de\/?p=2202#primaryimage"},"thumbnailUrl":"http:\/\/boeselager-realschule.de\/wp-content\/uploads\/2011\/11\/nationalhymne.jpg","keywords":["Christian Ziege","Daniel Bohl","DFB","L\u00e4nderspiel","Matthias Sammer","Michael Schindele","Patrick Schorr","Sch\u00fclerradio"],"articleSection":["Arbeitsgemeinschaften","Fu\u00dfball","Medien","Sport"],"inLanguage":"de"},{"@type":"WebPage","@id":"https:\/\/boeselager-realschule.de\/?p=2202","url":"https:\/\/boeselager-realschule.de\/?p=2202","name":"Sch\u00fcler besuchten U 18-L\u00e4nderspiel &#183; Philipp Freiherr von Boeselager Realschule plus Ahrweiler","isPartOf":{"@id":"https:\/\/boeselager-realschule.de\/#website"},"primaryImageOfPage":{"@id":"https:\/\/boeselager-realschule.de\/?p=2202#primaryimage"},"image":{"@id":"https:\/\/boeselager-realschule.de\/?p=2202#primaryimage"},"thumbnailUrl":"http:\/\/boeselager-realschule.de\/wp-content\/uploads\/2011\/11\/nationalhymne.jpg","datePublished":"2011-11-09T17:17:32+00:00","dateModified":"2011-11-22T07:42:36+00:00","description":"Realschule plus, Ahrweiler, Boeselager Realschule, individuelle F\u00f6rderung, Wahlpflichtf\u00e4cher, internationale Partnerschaften, Arbeitsgemeinschaften, Bildung, Schulgemeinschaft","breadcrumb":{"@id":"https:\/\/boeselager-realschule.de\/?p=2202#breadcrumb"},"inLanguage":"de","potentialAction":[{"@type":"ReadAction","target":["https:\/\/boeselager-realschule.de\/?p=2202"]}]},{"@type":"ImageObject","inLanguage":"de","@id":"https:\/\/boeselager-realschule.de\/?p=2202#primaryimage","url":"https:\/\/boeselager-realschule.de\/wp-content\/uploads\/2011\/11\/nationalhymne.jpg","contentUrl":"https:\/\/boeselager-realschule.de\/wp-content\/uploads\/2011\/11\/nationalhymne.jpg","width":"597","height":"109"},{"@type":"BreadcrumbList","@id":"https:\/\/boeselager-realschule.de\/?p=2202#breadcrumb","itemListElement":[{"@type":"ListItem","position":1,"name":"Startseite","item":"https:\/\/boeselager-realschule.de\/"},{"@type":"ListItem","position":2,"name":"Sch\u00fcler besuchten U 18-L\u00e4nderspiel"}]},{"@type":"WebSite","@id":"https:\/\/boeselager-realschule.de\/#website","url":"https:\/\/boeselager-realschule.de\/","name":"Philipp Freiherr von Boeselager Realschule plus Ahrweiler","description":"","publisher":{"@id":"https:\/\/boeselager-realschule.de\/#organization"},"potentialAction":[{"@type":"SearchAction","target":{"@type":"EntryPoint","urlTemplate":"https:\/\/boeselager-realschule.de\/?s={search_term_string}"},"query-input":{"@type":"PropertyValueSpecification","valueRequired":true,"valueName":"search_term_string"}}],"inLanguage":"de"},{"@type":"Organization","@id":"https:\/\/boeselager-realschule.de\/#organization","name":"Philipp Freiherr von Boeselager Realschule plus Ahrweiler","url":"https:\/\/boeselager-realschule.de\/","logo":{"@type":"ImageObject","inLanguage":"de","@id":"https:\/\/boeselager-realschule.de\/#\/schema\/logo\/image\/","url":"https:\/\/boeselager-realschule.de\/wp-content\/uploads\/2025\/02\/logo_280-gif.gif","contentUrl":"https:\/\/boeselager-realschule.de\/wp-content\/uploads\/2025\/02\/logo_280-gif.gif","width":280,"height":226,"caption":"Philipp Freiherr von Boeselager Realschule plus Ahrweiler"},"image":{"@id":"https:\/\/boeselager-realschule.de\/#\/schema\/logo\/image\/"},"sameAs":["https:\/\/www.facebook.com\/rsplus"]},{"@type":"Person","@id":"https:\/\/boeselager-realschule.de\/#\/schema\/person\/5dee4af139bfcd761fb95ababfd1d028","name":"Ralf Breuer","sameAs":["http:\/\/www.breuer-info.de"],"url":"https:\/\/boeselager-realschule.de\/?author=5"}]}},"_links":{"self":[{"href":"https:\/\/boeselager-realschule.de\/index.php?rest_route=\/wp\/v2\/posts\/2202","targetHints":{"allow":["GET"]}}],"collection":[{"href":"https:\/\/boeselager-realschule.de\/index.php?rest_route=\/wp\/v2\/posts"}],"about":[{"href":"https:\/\/boeselager-realschule.de\/index.php?rest_route=\/wp\/v2\/types\/post"}],"author":[{"embeddable":true,"href":"https:\/\/boeselager-realschule.de\/index.php?rest_route=\/wp\/v2\/users\/5"}],"replies":[{"embeddable":true,"href":"https:\/\/boeselager-realschule.de\/index.php?rest_route=%2Fwp%2Fv2%2Fcomments&post=2202"}],"version-history":[{"count":0,"href":"https:\/\/boeselager-realschule.de\/index.php?rest_route=\/wp\/v2\/posts\/2202\/revisions"}],"wp:attachment":[{"href":"https:\/\/boeselager-realschule.de\/index.php?rest_route=%2Fwp%2Fv2%2Fmedia&parent=2202"}],"wp:term":[{"taxonomy":"category","embeddable":true,"href":"https:\/\/boeselager-realschule.de\/index.php?rest_route=%2Fwp%2Fv2%2Fcategories&post=2202"},{"taxonomy":"post_tag","embeddable":true,"href":"https:\/\/boeselager-realschule.de\/index.php?rest_route=%2Fwp%2Fv2%2Ftags&post=2202"}],"curies":[{"name":"wp","href":"https:\/\/api.w.org\/{rel}","templated":true}]}}