{"id":13295,"date":"2026-05-31T13:02:52","date_gmt":"2026-05-31T11:02:52","guid":{"rendered":"https:\/\/boeselager-realschule.de\/?p=13295"},"modified":"2026-06-01T09:16:23","modified_gmt":"2026-06-01T07:16:23","slug":"klasse-8a-erlebt-demokratie-hautnah-im-landtag-mainz","status":"publish","type":"post","link":"https:\/\/boeselager-realschule.de\/?p=13295","title":{"rendered":"8a erlebt Demokratie hautnah im Landtag Mainz"},"content":{"rendered":"<p><strong>&#8220;Demokratietag der 8a im Landtag in Mainz&#8221;<\/strong><\/p>\n<div id=\"attachment_13299\" style=\"width: 565px\" class=\"wp-caption aligncenter\"><img loading=\"lazy\" decoding=\"async\" aria-describedby=\"caption-attachment-13299\" class=\"wp-image-13299\" src=\"https:\/\/boeselager-realschule.de\/wp-content\/uploads\/2026\/05\/2026-Demokratietag-7-scaled.jpg\" alt=\"Die Klasse 8a erlebte beim Demokratietag im Landtag in Mainz einen spannenden und praxisnahen Einblick in die Arbeit des rheinland-pf\u00e4lzischen Parlaments.\" width=\"555\" height=\"416\" srcset=\"https:\/\/boeselager-realschule.de\/wp-content\/uploads\/2026\/05\/2026-Demokratietag-7-scaled.jpg 2560w, https:\/\/boeselager-realschule.de\/wp-content\/uploads\/2026\/05\/2026-Demokratietag-7-300x225.jpg 300w, https:\/\/boeselager-realschule.de\/wp-content\/uploads\/2026\/05\/2026-Demokratietag-7-1024x768.jpg 1024w, https:\/\/boeselager-realschule.de\/wp-content\/uploads\/2026\/05\/2026-Demokratietag-7-768x576.jpg 768w, https:\/\/boeselager-realschule.de\/wp-content\/uploads\/2026\/05\/2026-Demokratietag-7-1536x1152.jpg 1536w, https:\/\/boeselager-realschule.de\/wp-content\/uploads\/2026\/05\/2026-Demokratietag-7-2048x1536.jpg 2048w\" sizes=\"auto, (max-width: 555px) 100vw, 555px\" \/><p id=\"caption-attachment-13299\" class=\"wp-caption-text\">Die Klasse 8a erlebte beim Demokratietag im Landtag in Mainz einen spannenden und praxisnahen Einblick in die Arbeit des rheinland-pf\u00e4lzischen Parlaments.<\/p><\/div>\n<p>Hochmotiviert reiste die Klasse 8a der Philipp Freiherr von Boeselager Realschule plus Ahrweiler am 27.05.2026 zu ihrem \u201eDemokratietag\u201c in den Landtag nach Mainz. Dort angekommen, f\u00fchrten die Referenten David Halft, Paul Hannus und Sebastian Spiller die Gruppe zun\u00e4chst durch die Sicherheitsschleuse und anschlie\u00dfend spielerisch in die Grundlagen unserer Demokratie ein. Schnell zeigte sich, dass die Gruppe bereits ein umfangreiches Wissen mitbrachte, waren doch gerade die Landtagswahl und die Arbeit des Landtages in den letzten Wochen Schwerpunktthemen im Sozialkundeunterricht.&nbsp;<\/p>\n<div id=\"attachment_13298\" style=\"width: 565px\" class=\"wp-caption aligncenter\"><img loading=\"lazy\" decoding=\"async\" aria-describedby=\"caption-attachment-13298\" class=\"wp-image-13298\" src=\"https:\/\/boeselager-realschule.de\/wp-content\/uploads\/2026\/05\/2026-Demokratietag-1-scaled.jpg\" alt=\"Die Klasse 8a der Boeselager-Realschule bei der Abstimmung im Plenarsaal\" width=\"555\" height=\"416\" srcset=\"https:\/\/boeselager-realschule.de\/wp-content\/uploads\/2026\/05\/2026-Demokratietag-1-scaled.jpg 2560w, https:\/\/boeselager-realschule.de\/wp-content\/uploads\/2026\/05\/2026-Demokratietag-1-300x225.jpg 300w, https:\/\/boeselager-realschule.de\/wp-content\/uploads\/2026\/05\/2026-Demokratietag-1-1024x768.jpg 1024w, https:\/\/boeselager-realschule.de\/wp-content\/uploads\/2026\/05\/2026-Demokratietag-1-768x576.jpg 768w, https:\/\/boeselager-realschule.de\/wp-content\/uploads\/2026\/05\/2026-Demokratietag-1-1536x1152.jpg 1536w, https:\/\/boeselager-realschule.de\/wp-content\/uploads\/2026\/05\/2026-Demokratietag-1-2048x1536.jpg 2048w\" sizes=\"auto, (max-width: 555px) 100vw, 555px\" \/><p id=\"caption-attachment-13298\" class=\"wp-caption-text\">Die Klasse 8a der Boeselager-Realschule bei der Abstimmung im Plenarsaal<\/p><\/div>\n<p>So fiel es den Jugendlichen auch nicht schwer, einen Hashtag zu formulieren, der ihre Vorstellung von Demokratie zusammenfasste. Gekonnt pr\u00e4sentierten sie ihre Statements und erkl\u00e4rten dem Plenum ihre Entscheidung. Nun ging es auch schon in den Plenarsaal. Beeindruckt von der Gr\u00f6\u00dfe und der Wirkung des Raumes wurde nat\u00fcrlich auch die Bestuhlung getestet. Erkenntnis: Solche St\u00fchle w\u00e4ren auch in den Klassenr\u00e4umen der Schule eine Bereicherung!<\/p>\n<p>Im \u201eEsszimmer\u201c des Landtages st\u00e4rkten sich die angehenden Abgeordneten anschlie\u00dfend, denn nach dem Mittagessen sollten die Sch\u00fclerinnen und Sch\u00fcler in einem Rollenspiel eine Plenarsitzung zum Thema \u201eSocial-Media-Verbot f\u00fcr Kinder und Jugendliche unter 16 Jahren\u201c nachstellen.&nbsp;Sehr gewissenhaft bereiteten sich die Kinder, aufgeteilt in drei Fraktionen, auf ihre Rolle bei der Debatte vor. Ebenso ernsthaft erfolgte die anschlie\u00dfende Diskussion im Plenarsaal.<\/p>\n<p><img loading=\"lazy\" decoding=\"async\" class=\"aligncenter wp-image-13300\" src=\"https:\/\/boeselager-realschule.de\/wp-content\/uploads\/2026\/05\/2026-Demokratietag-3-scaled.jpg\" alt=\"\" width=\"555\" height=\"416\" srcset=\"https:\/\/boeselager-realschule.de\/wp-content\/uploads\/2026\/05\/2026-Demokratietag-3-scaled.jpg 2560w, https:\/\/boeselager-realschule.de\/wp-content\/uploads\/2026\/05\/2026-Demokratietag-3-300x225.jpg 300w, https:\/\/boeselager-realschule.de\/wp-content\/uploads\/2026\/05\/2026-Demokratietag-3-1024x768.jpg 1024w, https:\/\/boeselager-realschule.de\/wp-content\/uploads\/2026\/05\/2026-Demokratietag-3-768x576.jpg 768w, https:\/\/boeselager-realschule.de\/wp-content\/uploads\/2026\/05\/2026-Demokratietag-3-1536x1152.jpg 1536w, https:\/\/boeselager-realschule.de\/wp-content\/uploads\/2026\/05\/2026-Demokratietag-3-2048x1536.jpg 2048w\" sizes=\"auto, (max-width: 555px) 100vw, 555px\" \/><\/p>\n<p>Unter der Leitung des \u201eLandtagspr\u00e4sidenten\u201c Marc Wachsmuth, der den \u201eAbgeordneten\u201c per Mikrofonfreischaltung das Wort erteilte, wurden Argumente ausgetauscht.&nbsp;Auch hier wirkten die Jugendlichen sehr souver\u00e4n und zeitweise dr\u00e4ngte sich dem Beobachter der Eindruck auf, als ob die Kinder tats\u00e4chlich \u00fcber das Gesetz zu entscheiden h\u00e4tten.&nbsp;Bei der Abstimmung kam es dann noch zu einem Kuriosum. Die Fraktionen brachten nach kurzem Austausch gemeinsam einen neuen Gesetzesvorschlag zur Abstimmung, der als Kompromiss fraktions\u00fcbergreifend einstimmig angenommen wurde.<\/p>\n<p><img loading=\"lazy\" decoding=\"async\" class=\"aligncenter wp-image-13301\" src=\"https:\/\/boeselager-realschule.de\/wp-content\/uploads\/2026\/05\/2026-Demokratietag-18-scaled.jpg\" alt=\"\" width=\"555\" height=\"416\" srcset=\"https:\/\/boeselager-realschule.de\/wp-content\/uploads\/2026\/05\/2026-Demokratietag-18-scaled.jpg 2560w, https:\/\/boeselager-realschule.de\/wp-content\/uploads\/2026\/05\/2026-Demokratietag-18-300x225.jpg 300w, https:\/\/boeselager-realschule.de\/wp-content\/uploads\/2026\/05\/2026-Demokratietag-18-1024x768.jpg 1024w, https:\/\/boeselager-realschule.de\/wp-content\/uploads\/2026\/05\/2026-Demokratietag-18-768x576.jpg 768w, https:\/\/boeselager-realschule.de\/wp-content\/uploads\/2026\/05\/2026-Demokratietag-18-1536x1152.jpg 1536w, https:\/\/boeselager-realschule.de\/wp-content\/uploads\/2026\/05\/2026-Demokratietag-18-2048x1536.jpg 2048w\" sizes=\"auto, (max-width: 555px) 100vw, 555px\" \/><\/p>\n<p>In der abschlie\u00dfenden Reflexion des Demokratietages wurde deutlich, dass der Tag im Landtag allen gut gefallen hat und zuk\u00fcnftig auch von anderen Klassen in Anspruch genommen werden sollte.&nbsp;Begleitet wurde die Gruppe von Marion Bach, Myriam Lochner und Tanja Danielsen.<\/p>\n<p style=\"text-align: right;\"><em>(Text &amp; Fotos: Marion Bach)<\/em><\/p>\n","protected":false},"excerpt":{"rendered":"<p>&#8220;Demokratietag der 8a im Landtag in Mainz&#8221; Hochmotiviert reiste die Klasse 8a der Philipp Freiherr von Boeselager Realschule plus Ahrweiler am 27.05.2026 zu ihrem \u201eDemokratietag\u201c in den Landtag nach Mainz. Dort angekommen, f\u00fchrten die Referenten David Halft, Paul Hannus und Sebastian Spiller die Gruppe zun\u00e4chst durch die Sicherheitsschleuse und anschlie\u00dfend spielerisch in die Grundlagen unserer [&hellip;]<\/p>\n","protected":false},"author":5,"featured_media":0,"comment_status":"closed","ping_status":"open","sticky":false,"template":"","format":"standard","meta":{"ngg_post_thumbnail":0,"footnotes":""},"categories":[186,326],"tags":[347,888,890],"class_list":["post-13295","post","type-post","status-publish","format-standard","hentry","category-exkursionen","category-politische-bildung","tag-demokratietag","tag-landtag","tag-mainz"],"yoast_head":"<!-- This site is optimized with the Yoast SEO plugin v28.3 - https:\/\/yoast.com\/product\/yoast-seo-wordpress\/ -->\n<title>8a erlebt Demokratie hautnah im Landtag Mainz &#183; Philipp Freiherr von Boeselager Realschule plus Ahrweiler<\/title>\n<meta name=\"description\" content=\"Realschule plus, Ahrweiler, Boeselager Realschule, individuelle F\u00f6rderung, Wahlpflichtf\u00e4cher, internationale Partnerschaften, Arbeitsgemeinschaften, Bildung, Schulgemeinschaft\" \/>\n<meta name=\"robots\" content=\"index, follow, max-snippet:-1, max-image-preview:large, max-video-preview:-1\" \/>\n<link rel=\"canonical\" href=\"https:\/\/boeselager-realschule.de\/?p=13295\" \/>\n<meta property=\"og:locale\" content=\"de_DE\" \/>\n<meta property=\"og:type\" content=\"article\" \/>\n<meta property=\"og:title\" content=\"8a erlebt Demokratie hautnah im Landtag Mainz &#183; Philipp Freiherr von Boeselager Realschule plus Ahrweiler\" \/>\n<meta property=\"og:description\" content=\"Realschule plus, Ahrweiler, Boeselager Realschule, individuelle F\u00f6rderung, Wahlpflichtf\u00e4cher, internationale Partnerschaften, Arbeitsgemeinschaften, Bildung, Schulgemeinschaft\" \/>\n<meta property=\"og:url\" content=\"https:\/\/boeselager-realschule.de\/?p=13295\" \/>\n<meta property=\"og:site_name\" content=\"Philipp Freiherr von Boeselager Realschule plus Ahrweiler\" \/>\n<meta property=\"article:publisher\" content=\"https:\/\/www.facebook.com\/rsplus\" \/>\n<meta property=\"article:published_time\" content=\"2026-05-31T11:02:52+00:00\" \/>\n<meta property=\"article:modified_time\" content=\"2026-06-01T07:16:23+00:00\" \/>\n<meta property=\"og:image\" content=\"https:\/\/boeselager-realschule.de\/wp-content\/uploads\/2026\/05\/2026-Demokratietag-7-scaled.jpg\" \/>\n\t<meta property=\"og:image:width\" content=\"2560\" \/>\n\t<meta property=\"og:image:height\" content=\"1920\" \/>\n\t<meta property=\"og:image:type\" content=\"image\/jpeg\" \/>\n<meta name=\"author\" content=\"Ralf Breuer\" \/>\n<meta name=\"twitter:card\" content=\"summary_large_image\" \/>\n<meta name=\"twitter:label1\" content=\"Verfasst von\" \/>\n\t<meta name=\"twitter:data1\" content=\"Ralf Breuer\" \/>\n\t<meta name=\"twitter:label2\" content=\"Gesch\u00e4tzte Lesezeit\" \/>\n\t<meta name=\"twitter:data2\" content=\"3\u00a0Minuten\" \/>\n<script type=\"application\/ld+json\" class=\"yoast-schema-graph\">{\"@context\":\"https:\\\/\\\/schema.org\",\"@graph\":[{\"@type\":\"Article\",\"@id\":\"https:\\\/\\\/boeselager-realschule.de\\\/?p=13295#article\",\"isPartOf\":{\"@id\":\"https:\\\/\\\/boeselager-realschule.de\\\/?p=13295\"},\"author\":{\"name\":\"Ralf Breuer\",\"@id\":\"https:\\\/\\\/boeselager-realschule.de\\\/#\\\/schema\\\/person\\\/5dee4af139bfcd761fb95ababfd1d028\"},\"headline\":\"8a erlebt Demokratie hautnah im Landtag Mainz\",\"datePublished\":\"2026-05-31T11:02:52+00:00\",\"dateModified\":\"2026-06-01T07:16:23+00:00\",\"mainEntityOfPage\":{\"@id\":\"https:\\\/\\\/boeselager-realschule.de\\\/?p=13295\"},\"wordCount\":408,\"publisher\":{\"@id\":\"https:\\\/\\\/boeselager-realschule.de\\\/#organization\"},\"image\":{\"@id\":\"https:\\\/\\\/boeselager-realschule.de\\\/?p=13295#primaryimage\"},\"thumbnailUrl\":\"https:\\\/\\\/boeselager-realschule.de\\\/wp-content\\\/uploads\\\/2026\\\/05\\\/2026-Demokratietag-7-scaled.jpg\",\"keywords\":[\"Demokratietag\",\"Landtag\",\"Mainz\"],\"articleSection\":[\"Exkursionen\",\"Politische Bildung\"],\"inLanguage\":\"de\"},{\"@type\":\"WebPage\",\"@id\":\"https:\\\/\\\/boeselager-realschule.de\\\/?p=13295\",\"url\":\"https:\\\/\\\/boeselager-realschule.de\\\/?p=13295\",\"name\":\"8a erlebt Demokratie hautnah im Landtag Mainz &#183; Philipp Freiherr von Boeselager Realschule plus Ahrweiler\",\"isPartOf\":{\"@id\":\"https:\\\/\\\/boeselager-realschule.de\\\/#website\"},\"primaryImageOfPage\":{\"@id\":\"https:\\\/\\\/boeselager-realschule.de\\\/?p=13295#primaryimage\"},\"image\":{\"@id\":\"https:\\\/\\\/boeselager-realschule.de\\\/?p=13295#primaryimage\"},\"thumbnailUrl\":\"https:\\\/\\\/boeselager-realschule.de\\\/wp-content\\\/uploads\\\/2026\\\/05\\\/2026-Demokratietag-7-scaled.jpg\",\"datePublished\":\"2026-05-31T11:02:52+00:00\",\"dateModified\":\"2026-06-01T07:16:23+00:00\",\"description\":\"Realschule plus, Ahrweiler, Boeselager Realschule, individuelle F\u00f6rderung, Wahlpflichtf\u00e4cher, internationale Partnerschaften, Arbeitsgemeinschaften, Bildung, Schulgemeinschaft\",\"breadcrumb\":{\"@id\":\"https:\\\/\\\/boeselager-realschule.de\\\/?p=13295#breadcrumb\"},\"inLanguage\":\"de\",\"potentialAction\":[{\"@type\":\"ReadAction\",\"target\":[\"https:\\\/\\\/boeselager-realschule.de\\\/?p=13295\"]}]},{\"@type\":\"ImageObject\",\"inLanguage\":\"de\",\"@id\":\"https:\\\/\\\/boeselager-realschule.de\\\/?p=13295#primaryimage\",\"url\":\"https:\\\/\\\/boeselager-realschule.de\\\/wp-content\\\/uploads\\\/2026\\\/05\\\/2026-Demokratietag-7-scaled.jpg\",\"contentUrl\":\"https:\\\/\\\/boeselager-realschule.de\\\/wp-content\\\/uploads\\\/2026\\\/05\\\/2026-Demokratietag-7-scaled.jpg\",\"width\":2560,\"height\":1920},{\"@type\":\"BreadcrumbList\",\"@id\":\"https:\\\/\\\/boeselager-realschule.de\\\/?p=13295#breadcrumb\",\"itemListElement\":[{\"@type\":\"ListItem\",\"position\":1,\"name\":\"Startseite\",\"item\":\"https:\\\/\\\/boeselager-realschule.de\\\/\"},{\"@type\":\"ListItem\",\"position\":2,\"name\":\"8a erlebt Demokratie hautnah im Landtag Mainz\"}]},{\"@type\":\"WebSite\",\"@id\":\"https:\\\/\\\/boeselager-realschule.de\\\/#website\",\"url\":\"https:\\\/\\\/boeselager-realschule.de\\\/\",\"name\":\"Philipp Freiherr von Boeselager Realschule plus Ahrweiler\",\"description\":\"\",\"publisher\":{\"@id\":\"https:\\\/\\\/boeselager-realschule.de\\\/#organization\"},\"potentialAction\":[{\"@type\":\"SearchAction\",\"target\":{\"@type\":\"EntryPoint\",\"urlTemplate\":\"https:\\\/\\\/boeselager-realschule.de\\\/?s={search_term_string}\"},\"query-input\":{\"@type\":\"PropertyValueSpecification\",\"valueRequired\":true,\"valueName\":\"search_term_string\"}}],\"inLanguage\":\"de\"},{\"@type\":\"Organization\",\"@id\":\"https:\\\/\\\/boeselager-realschule.de\\\/#organization\",\"name\":\"Philipp Freiherr von Boeselager Realschule plus Ahrweiler\",\"url\":\"https:\\\/\\\/boeselager-realschule.de\\\/\",\"logo\":{\"@type\":\"ImageObject\",\"inLanguage\":\"de\",\"@id\":\"https:\\\/\\\/boeselager-realschule.de\\\/#\\\/schema\\\/logo\\\/image\\\/\",\"url\":\"https:\\\/\\\/boeselager-realschule.de\\\/wp-content\\\/uploads\\\/2025\\\/02\\\/logo_280-gif.gif\",\"contentUrl\":\"https:\\\/\\\/boeselager-realschule.de\\\/wp-content\\\/uploads\\\/2025\\\/02\\\/logo_280-gif.gif\",\"width\":280,\"height\":226,\"caption\":\"Philipp Freiherr von Boeselager Realschule plus Ahrweiler\"},\"image\":{\"@id\":\"https:\\\/\\\/boeselager-realschule.de\\\/#\\\/schema\\\/logo\\\/image\\\/\"},\"sameAs\":[\"https:\\\/\\\/www.facebook.com\\\/rsplus\"]},{\"@type\":\"Person\",\"@id\":\"https:\\\/\\\/boeselager-realschule.de\\\/#\\\/schema\\\/person\\\/5dee4af139bfcd761fb95ababfd1d028\",\"name\":\"Ralf Breuer\",\"sameAs\":[\"http:\\\/\\\/www.breuer-info.de\"],\"url\":\"https:\\\/\\\/boeselager-realschule.de\\\/?author=5\"}]}<\/script>\n<!-- \/ Yoast SEO plugin. -->","yoast_head_json":{"title":"8a erlebt Demokratie hautnah im Landtag Mainz &#183; Philipp Freiherr von Boeselager Realschule plus Ahrweiler","description":"Realschule plus, Ahrweiler, Boeselager Realschule, individuelle F\u00f6rderung, Wahlpflichtf\u00e4cher, internationale Partnerschaften, Arbeitsgemeinschaften, Bildung, Schulgemeinschaft","robots":{"index":"index","follow":"follow","max-snippet":"max-snippet:-1","max-image-preview":"max-image-preview:large","max-video-preview":"max-video-preview:-1"},"canonical":"https:\/\/boeselager-realschule.de\/?p=13295","og_locale":"de_DE","og_type":"article","og_title":"8a erlebt Demokratie hautnah im Landtag Mainz &#183; Philipp Freiherr von Boeselager Realschule plus Ahrweiler","og_description":"Realschule plus, Ahrweiler, Boeselager Realschule, individuelle F\u00f6rderung, Wahlpflichtf\u00e4cher, internationale Partnerschaften, Arbeitsgemeinschaften, Bildung, Schulgemeinschaft","og_url":"https:\/\/boeselager-realschule.de\/?p=13295","og_site_name":"Philipp Freiherr von Boeselager Realschule plus Ahrweiler","article_publisher":"https:\/\/www.facebook.com\/rsplus","article_published_time":"2026-05-31T11:02:52+00:00","article_modified_time":"2026-06-01T07:16:23+00:00","og_image":[{"width":2560,"height":1920,"url":"https:\/\/boeselager-realschule.de\/wp-content\/uploads\/2026\/05\/2026-Demokratietag-7-scaled.jpg","type":"image\/jpeg"}],"author":"Ralf Breuer","twitter_card":"summary_large_image","twitter_misc":{"Verfasst von":"Ralf Breuer","Gesch\u00e4tzte Lesezeit":"3\u00a0Minuten"},"schema":{"@context":"https:\/\/schema.org","@graph":[{"@type":"Article","@id":"https:\/\/boeselager-realschule.de\/?p=13295#article","isPartOf":{"@id":"https:\/\/boeselager-realschule.de\/?p=13295"},"author":{"name":"Ralf Breuer","@id":"https:\/\/boeselager-realschule.de\/#\/schema\/person\/5dee4af139bfcd761fb95ababfd1d028"},"headline":"8a erlebt Demokratie hautnah im Landtag Mainz","datePublished":"2026-05-31T11:02:52+00:00","dateModified":"2026-06-01T07:16:23+00:00","mainEntityOfPage":{"@id":"https:\/\/boeselager-realschule.de\/?p=13295"},"wordCount":408,"publisher":{"@id":"https:\/\/boeselager-realschule.de\/#organization"},"image":{"@id":"https:\/\/boeselager-realschule.de\/?p=13295#primaryimage"},"thumbnailUrl":"https:\/\/boeselager-realschule.de\/wp-content\/uploads\/2026\/05\/2026-Demokratietag-7-scaled.jpg","keywords":["Demokratietag","Landtag","Mainz"],"articleSection":["Exkursionen","Politische Bildung"],"inLanguage":"de"},{"@type":"WebPage","@id":"https:\/\/boeselager-realschule.de\/?p=13295","url":"https:\/\/boeselager-realschule.de\/?p=13295","name":"8a erlebt Demokratie hautnah im Landtag Mainz &#183; Philipp Freiherr von Boeselager Realschule plus Ahrweiler","isPartOf":{"@id":"https:\/\/boeselager-realschule.de\/#website"},"primaryImageOfPage":{"@id":"https:\/\/boeselager-realschule.de\/?p=13295#primaryimage"},"image":{"@id":"https:\/\/boeselager-realschule.de\/?p=13295#primaryimage"},"thumbnailUrl":"https:\/\/boeselager-realschule.de\/wp-content\/uploads\/2026\/05\/2026-Demokratietag-7-scaled.jpg","datePublished":"2026-05-31T11:02:52+00:00","dateModified":"2026-06-01T07:16:23+00:00","description":"Realschule plus, Ahrweiler, Boeselager Realschule, individuelle F\u00f6rderung, Wahlpflichtf\u00e4cher, internationale Partnerschaften, Arbeitsgemeinschaften, Bildung, Schulgemeinschaft","breadcrumb":{"@id":"https:\/\/boeselager-realschule.de\/?p=13295#breadcrumb"},"inLanguage":"de","potentialAction":[{"@type":"ReadAction","target":["https:\/\/boeselager-realschule.de\/?p=13295"]}]},{"@type":"ImageObject","inLanguage":"de","@id":"https:\/\/boeselager-realschule.de\/?p=13295#primaryimage","url":"https:\/\/boeselager-realschule.de\/wp-content\/uploads\/2026\/05\/2026-Demokratietag-7-scaled.jpg","contentUrl":"https:\/\/boeselager-realschule.de\/wp-content\/uploads\/2026\/05\/2026-Demokratietag-7-scaled.jpg","width":2560,"height":1920},{"@type":"BreadcrumbList","@id":"https:\/\/boeselager-realschule.de\/?p=13295#breadcrumb","itemListElement":[{"@type":"ListItem","position":1,"name":"Startseite","item":"https:\/\/boeselager-realschule.de\/"},{"@type":"ListItem","position":2,"name":"8a erlebt Demokratie hautnah im Landtag Mainz"}]},{"@type":"WebSite","@id":"https:\/\/boeselager-realschule.de\/#website","url":"https:\/\/boeselager-realschule.de\/","name":"Philipp Freiherr von Boeselager Realschule plus Ahrweiler","description":"","publisher":{"@id":"https:\/\/boeselager-realschule.de\/#organization"},"potentialAction":[{"@type":"SearchAction","target":{"@type":"EntryPoint","urlTemplate":"https:\/\/boeselager-realschule.de\/?s={search_term_string}"},"query-input":{"@type":"PropertyValueSpecification","valueRequired":true,"valueName":"search_term_string"}}],"inLanguage":"de"},{"@type":"Organization","@id":"https:\/\/boeselager-realschule.de\/#organization","name":"Philipp Freiherr von Boeselager Realschule plus Ahrweiler","url":"https:\/\/boeselager-realschule.de\/","logo":{"@type":"ImageObject","inLanguage":"de","@id":"https:\/\/boeselager-realschule.de\/#\/schema\/logo\/image\/","url":"https:\/\/boeselager-realschule.de\/wp-content\/uploads\/2025\/02\/logo_280-gif.gif","contentUrl":"https:\/\/boeselager-realschule.de\/wp-content\/uploads\/2025\/02\/logo_280-gif.gif","width":280,"height":226,"caption":"Philipp Freiherr von Boeselager Realschule plus Ahrweiler"},"image":{"@id":"https:\/\/boeselager-realschule.de\/#\/schema\/logo\/image\/"},"sameAs":["https:\/\/www.facebook.com\/rsplus"]},{"@type":"Person","@id":"https:\/\/boeselager-realschule.de\/#\/schema\/person\/5dee4af139bfcd761fb95ababfd1d028","name":"Ralf Breuer","sameAs":["http:\/\/www.breuer-info.de"],"url":"https:\/\/boeselager-realschule.de\/?author=5"}]}},"_links":{"self":[{"href":"https:\/\/boeselager-realschule.de\/index.php?rest_route=\/wp\/v2\/posts\/13295","targetHints":{"allow":["GET"]}}],"collection":[{"href":"https:\/\/boeselager-realschule.de\/index.php?rest_route=\/wp\/v2\/posts"}],"about":[{"href":"https:\/\/boeselager-realschule.de\/index.php?rest_route=\/wp\/v2\/types\/post"}],"author":[{"embeddable":true,"href":"https:\/\/boeselager-realschule.de\/index.php?rest_route=\/wp\/v2\/users\/5"}],"replies":[{"embeddable":true,"href":"https:\/\/boeselager-realschule.de\/index.php?rest_route=%2Fwp%2Fv2%2Fcomments&post=13295"}],"version-history":[{"count":6,"href":"https:\/\/boeselager-realschule.de\/index.php?rest_route=\/wp\/v2\/posts\/13295\/revisions"}],"predecessor-version":[{"id":13305,"href":"https:\/\/boeselager-realschule.de\/index.php?rest_route=\/wp\/v2\/posts\/13295\/revisions\/13305"}],"wp:attachment":[{"href":"https:\/\/boeselager-realschule.de\/index.php?rest_route=%2Fwp%2Fv2%2Fmedia&parent=13295"}],"wp:term":[{"taxonomy":"category","embeddable":true,"href":"https:\/\/boeselager-realschule.de\/index.php?rest_route=%2Fwp%2Fv2%2Fcategories&post=13295"},{"taxonomy":"post_tag","embeddable":true,"href":"https:\/\/boeselager-realschule.de\/index.php?rest_route=%2Fwp%2Fv2%2Ftags&post=13295"}],"curies":[{"name":"wp","href":"https:\/\/api.w.org\/{rel}","templated":true}]}}