{"id":12754,"date":"2025-08-17T13:18:08","date_gmt":"2025-08-17T11:18:08","guid":{"rendered":"https:\/\/boeselager-realschule.de\/?p=12754"},"modified":"2025-08-17T21:14:40","modified_gmt":"2025-08-17T19:14:40","slug":"12754","status":"publish","type":"post","link":"https:\/\/boeselager-realschule.de\/?p=12754","title":{"rendered":"Mit neuer Kraft ins Schuljahr 2025\/26"},"content":{"rendered":"<p style=\"text-align: center;\"><strong>Ein Blick hinter Klostermauern: Lehrkr\u00e4fte auf Entdeckungsreise in Maria Laach<\/strong><\/p>\n<div id=\"attachment_12756\" style=\"width: 565px\" class=\"wp-caption aligncenter\"><img loading=\"lazy\" decoding=\"async\" aria-describedby=\"caption-attachment-12756\" class=\"wp-image-12756 size-full\" src=\"https:\/\/boeselager-realschule.de\/wp-content\/uploads\/2025\/08\/Maria-Laach-2.jpg\" alt=\"Das Kollegium der Philipp Freiherr von Boeselager Realschule plus Ahrweiler mit Prior Petrus in der sonst nicht \u00f6ffentlich zug\u00e4nglichen Sakristei der Abteikirche Maria Laach\" width=\"555\" height=\"370\" srcset=\"https:\/\/boeselager-realschule.de\/wp-content\/uploads\/2025\/08\/Maria-Laach-2.jpg 555w, https:\/\/boeselager-realschule.de\/wp-content\/uploads\/2025\/08\/Maria-Laach-2-300x200.jpg 300w\" sizes=\"auto, (max-width: 555px) 100vw, 555px\" \/><p id=\"caption-attachment-12756\" class=\"wp-caption-text\">Das Kollegium der Philipp Freiherr von Boeselager Realschule Ahrweiler mit Prior Petrus in der sonst nicht \u00f6ffentlich zug\u00e4nglichen Sakristei der Abteikirche Maria Laach<\/p><\/div>\n<p data-start=\"178\" data-end=\"486\">Ein Teil des Lehrerkollegiums der Philipp Freiherr von Boeselager Realschule Ahrweiler hatte am letzten Tag der Sommerferien die besondere Gelegenheit, das traditionsreiche Kloster Maria Laach zu besichtigen. Nach der traditionellen Dienstbesprechung am Freitag vor dem Beginn des neuen Schuljahres empfing Prior Petrus pers\u00f6nlich interessierte Kolleginnen und Kollegen und nahm die Gruppe auf eine exklusive F\u00fchrung mit.<\/p>\n<p data-start=\"852\" data-end=\"1330\">Die Abtei Maria Laach blickt auf eine fast 1.000-j\u00e4hrige Geschichte zur\u00fcck. Sie wurde im 11. Jahrhundert gegr\u00fcndet und gilt bis heute als eines der herausragenden Beispiele romanischer Baukunst. Das Kloster hat \u00fcber die Jahrhunderte hinweg nicht nur religi\u00f6se, sondern auch kulturelle und wirtschaftliche Impulse f\u00fcr die gesamte Eifel und den Mittelrheinraum &#8211; also unsere Region &#8211; gesetzt. Viele Menschen verbinden mit Maria Laach zudem einen Ort der geistigen Ruhe, der Bildung und des Austauschs.<\/p>\n<div id=\"attachment_12757\" style=\"width: 565px\" class=\"wp-caption aligncenter\"><img loading=\"lazy\" decoding=\"async\" aria-describedby=\"caption-attachment-12757\" class=\"wp-image-12757 size-full\" src=\"https:\/\/boeselager-realschule.de\/wp-content\/uploads\/2025\/08\/IMG_9576.jpg\" alt=\"Die Lehrkr\u00e4fte der Boeselager-Realschule Ahrweiler bei der exklusiven F\u00fchrung durch die historische Bibliothek von Maria Laach\" width=\"555\" height=\"396\" srcset=\"https:\/\/boeselager-realschule.de\/wp-content\/uploads\/2025\/08\/IMG_9576.jpg 555w, https:\/\/boeselager-realschule.de\/wp-content\/uploads\/2025\/08\/IMG_9576-300x214.jpg 300w\" sizes=\"auto, (max-width: 555px) 100vw, 555px\" \/><p id=\"caption-attachment-12757\" class=\"wp-caption-text\">Die Lehrkr\u00e4fte der Boeselager-Realschule Ahrweiler bei der exklusiven F\u00fchrung durch die historische Bibliothek von Maria Laach<\/p><\/div>\n<p data-start=\"1332\" data-end=\"2166\">W\u00e4hrend der F\u00fchrung erhielten die Lehrkr\u00e4fte Einblicke in die verborgenen Sch\u00e4tze des Klosters. Besonders eindrucksvoll war die Bibliothek, die zu den bedeutendsten kl\u00f6sterlichen B\u00fcchersammlungen in Rheinland-Pfalz z\u00e4hlt. Sie umfasst heute rund 265.000 B\u00e4nde, darunter mittelalterliche Handschriften, wertvolle Fr\u00fchdrucke und zahlreiche Werke aus Theologie, Geschichte und Naturwissenschaften. F\u00fcr die Benediktiner war und ist die Pflege des Wissens ein zentraler Auftrag \u2013 ein Gedanke, der sich auch in der p\u00e4dagogischen Arbeit der Schule widerspiegelt. Ebenso faszinierte die kunstvoll gestaltete Sakristei der Abteikirche, die liturgische Ger\u00e4te und Kostbarkeiten aus verschiedenen Epochen beherbergt. Prior Petrus verstand es dabei, die kl\u00f6sterliche Geschichte mit aktuellen Fragen von Glauben, Kultur und Bildung zu verkn\u00fcpfen.<\/p>\n<p data-start=\"2168\" data-end=\"2495\">\u201eDer Besuch in Maria Laach war f\u00fcr uns alle ein besonderes Erlebnis\u201c, betonte die stellvertretende Schulleiterin Bettina Lanzerath. \u201eGerade zu Beginn eines neuen Schuljahres ist es wertvoll, innezuhalten, auf die kulturellen Wurzeln unserer Region zu schauen und daraus Motivation f\u00fcr unsere p\u00e4dagogische Arbeit zu sch\u00f6pfen.\u201c<\/p>\n<div id=\"attachment_12758\" style=\"width: 565px\" class=\"wp-caption aligncenter\"><img loading=\"lazy\" decoding=\"async\" aria-describedby=\"caption-attachment-12758\" class=\"wp-image-12758 size-full\" src=\"https:\/\/boeselager-realschule.de\/wp-content\/uploads\/2025\/08\/Danke.jpg\" alt=\"Maria Schmidt bedankt sich in der Abteikirche Maria Laach im Namen des Kollegiums bei Prior Petrus f\u00fcr die eindrucksvolle F\u00fchrung\" width=\"555\" height=\"312\" srcset=\"https:\/\/boeselager-realschule.de\/wp-content\/uploads\/2025\/08\/Danke.jpg 555w, https:\/\/boeselager-realschule.de\/wp-content\/uploads\/2025\/08\/Danke-300x169.jpg 300w\" sizes=\"auto, (max-width: 555px) 100vw, 555px\" \/><p id=\"caption-attachment-12758\" class=\"wp-caption-text\">Maria Schmidt bedankt sich in der Abteikirche Maria Laach im Namen des Kollegiums bei Prior Petrus f\u00fcr die eindrucksvolle F\u00fchrung<\/p><\/div>\n<p data-start=\"2497\" data-end=\"2852\">Der Ausflug bot dem Kollegium nicht nur einen Blick hinter die Mauern eines der bedeutendsten geistlichen Zentren der Region, sondern auch Gelegenheit, in ruhiger Atmosph\u00e4re Gemeinschaft zu erleben und Kraft f\u00fcr das neue Schuljahr zu sammeln. Organisiert wurde der diesj\u00e4hrige Kollegiumsausflug von Maria Schmidt in Zusammenarbeit mit dem Personalrat.<\/p>\n<p data-start=\"2854\" data-end=\"3124\">Mit diesem besonderen Auftakt geht das Lehrerkollegium nun gest\u00e4rkt und inspiriert in das Schuljahr 2025\/26 \u2013 im Bewusstsein, dass Bildung, Wertevermittlung und Gemeinschaft sowohl in der kl\u00f6sterlichen Tradition als auch im schulischen Alltag ihren festen Platz haben.<\/p>\n<p style=\"text-align: right;\" data-start=\"2854\" data-end=\"3124\"><em>(Text &amp; Fotos: Ralf Breuer)<\/em><\/p>\n","protected":false},"excerpt":{"rendered":"<p>Ein Blick hinter Klostermauern: Lehrkr\u00e4fte auf Entdeckungsreise in Maria Laach Ein Teil des Lehrerkollegiums der Philipp Freiherr von Boeselager Realschule Ahrweiler hatte am letzten Tag der Sommerferien die besondere Gelegenheit, das traditionsreiche Kloster Maria Laach zu besichtigen. Nach der traditionellen Dienstbesprechung am Freitag vor dem Beginn des neuen Schuljahres empfing Prior Petrus pers\u00f6nlich interessierte Kolleginnen [&hellip;]<\/p>\n","protected":false},"author":5,"featured_media":0,"comment_status":"closed","ping_status":"open","sticky":false,"template":"","format":"standard","meta":{"ngg_post_thumbnail":0,"footnotes":""},"categories":[186,151],"tags":[975,976],"class_list":["post-12754","post","type-post","status-publish","format-standard","hentry","category-exkursionen","category-kreis-ahrweiler","tag-kloster-maria-laach","tag-prior-petrus"],"yoast_head":"<!-- This site is optimized with the Yoast SEO plugin v27.5 - https:\/\/yoast.com\/product\/yoast-seo-wordpress\/ -->\n<title>Mit neuer Kraft ins Schuljahr 2025\/26 &#183; Philipp Freiherr von Boeselager Realschule plus Ahrweiler<\/title>\n<meta name=\"description\" content=\"Realschule plus, Ahrweiler, Boeselager Realschule, individuelle F\u00f6rderung, Wahlpflichtf\u00e4cher, internationale Partnerschaften, Arbeitsgemeinschaften, Bildung, Schulgemeinschaft\" \/>\n<meta name=\"robots\" content=\"index, follow, max-snippet:-1, max-image-preview:large, max-video-preview:-1\" \/>\n<link rel=\"canonical\" href=\"https:\/\/boeselager-realschule.de\/?p=12754\" \/>\n<meta property=\"og:locale\" content=\"de_DE\" \/>\n<meta property=\"og:type\" content=\"article\" \/>\n<meta property=\"og:title\" content=\"Mit neuer Kraft ins Schuljahr 2025\/26 &#183; Philipp Freiherr von Boeselager Realschule plus Ahrweiler\" \/>\n<meta property=\"og:description\" content=\"Realschule plus, Ahrweiler, Boeselager Realschule, individuelle F\u00f6rderung, Wahlpflichtf\u00e4cher, internationale Partnerschaften, Arbeitsgemeinschaften, Bildung, Schulgemeinschaft\" \/>\n<meta property=\"og:url\" content=\"https:\/\/boeselager-realschule.de\/?p=12754\" \/>\n<meta property=\"og:site_name\" content=\"Philipp Freiherr von Boeselager Realschule plus Ahrweiler\" \/>\n<meta property=\"article:publisher\" content=\"https:\/\/www.facebook.com\/rsplus\" \/>\n<meta property=\"article:published_time\" content=\"2025-08-17T11:18:08+00:00\" \/>\n<meta property=\"article:modified_time\" content=\"2025-08-17T19:14:40+00:00\" \/>\n<meta property=\"og:image\" content=\"https:\/\/boeselager-realschule.de\/wp-content\/uploads\/2025\/08\/Maria-Laach-2.jpg\" \/>\n\t<meta property=\"og:image:width\" content=\"555\" \/>\n\t<meta property=\"og:image:height\" content=\"370\" \/>\n\t<meta property=\"og:image:type\" content=\"image\/jpeg\" \/>\n<meta name=\"author\" content=\"Ralf Breuer\" \/>\n<meta name=\"twitter:card\" content=\"summary_large_image\" \/>\n<meta name=\"twitter:label1\" content=\"Verfasst von\" \/>\n\t<meta name=\"twitter:data1\" content=\"Ralf Breuer\" \/>\n\t<meta name=\"twitter:label2\" content=\"Gesch\u00e4tzte Lesezeit\" \/>\n\t<meta name=\"twitter:data2\" content=\"4\u00a0Minuten\" \/>\n<script type=\"application\/ld+json\" class=\"yoast-schema-graph\">{\"@context\":\"https:\\\/\\\/schema.org\",\"@graph\":[{\"@type\":\"Article\",\"@id\":\"https:\\\/\\\/boeselager-realschule.de\\\/?p=12754#article\",\"isPartOf\":{\"@id\":\"https:\\\/\\\/boeselager-realschule.de\\\/?p=12754\"},\"author\":{\"name\":\"Ralf Breuer\",\"@id\":\"https:\\\/\\\/boeselager-realschule.de\\\/#\\\/schema\\\/person\\\/5dee4af139bfcd761fb95ababfd1d028\"},\"headline\":\"Mit neuer Kraft ins Schuljahr 2025\\\/26\",\"datePublished\":\"2025-08-17T11:18:08+00:00\",\"dateModified\":\"2025-08-17T19:14:40+00:00\",\"mainEntityOfPage\":{\"@id\":\"https:\\\/\\\/boeselager-realschule.de\\\/?p=12754\"},\"wordCount\":499,\"publisher\":{\"@id\":\"https:\\\/\\\/boeselager-realschule.de\\\/#organization\"},\"image\":{\"@id\":\"https:\\\/\\\/boeselager-realschule.de\\\/?p=12754#primaryimage\"},\"thumbnailUrl\":\"https:\\\/\\\/boeselager-realschule.de\\\/wp-content\\\/uploads\\\/2025\\\/08\\\/Maria-Laach-2.jpg\",\"keywords\":[\"Kloster Maria Laach\",\"Prior Petrus\"],\"articleSection\":[\"Exkursionen\",\"Kreis Ahrweiler\"],\"inLanguage\":\"de\"},{\"@type\":\"WebPage\",\"@id\":\"https:\\\/\\\/boeselager-realschule.de\\\/?p=12754\",\"url\":\"https:\\\/\\\/boeselager-realschule.de\\\/?p=12754\",\"name\":\"Mit neuer Kraft ins Schuljahr 2025\\\/26 &#183; Philipp Freiherr von Boeselager Realschule plus Ahrweiler\",\"isPartOf\":{\"@id\":\"https:\\\/\\\/boeselager-realschule.de\\\/#website\"},\"primaryImageOfPage\":{\"@id\":\"https:\\\/\\\/boeselager-realschule.de\\\/?p=12754#primaryimage\"},\"image\":{\"@id\":\"https:\\\/\\\/boeselager-realschule.de\\\/?p=12754#primaryimage\"},\"thumbnailUrl\":\"https:\\\/\\\/boeselager-realschule.de\\\/wp-content\\\/uploads\\\/2025\\\/08\\\/Maria-Laach-2.jpg\",\"datePublished\":\"2025-08-17T11:18:08+00:00\",\"dateModified\":\"2025-08-17T19:14:40+00:00\",\"description\":\"Realschule plus, Ahrweiler, Boeselager Realschule, individuelle F\u00f6rderung, Wahlpflichtf\u00e4cher, internationale Partnerschaften, Arbeitsgemeinschaften, Bildung, Schulgemeinschaft\",\"breadcrumb\":{\"@id\":\"https:\\\/\\\/boeselager-realschule.de\\\/?p=12754#breadcrumb\"},\"inLanguage\":\"de\",\"potentialAction\":[{\"@type\":\"ReadAction\",\"target\":[\"https:\\\/\\\/boeselager-realschule.de\\\/?p=12754\"]}]},{\"@type\":\"ImageObject\",\"inLanguage\":\"de\",\"@id\":\"https:\\\/\\\/boeselager-realschule.de\\\/?p=12754#primaryimage\",\"url\":\"https:\\\/\\\/boeselager-realschule.de\\\/wp-content\\\/uploads\\\/2025\\\/08\\\/Maria-Laach-2.jpg\",\"contentUrl\":\"https:\\\/\\\/boeselager-realschule.de\\\/wp-content\\\/uploads\\\/2025\\\/08\\\/Maria-Laach-2.jpg\",\"width\":555,\"height\":370},{\"@type\":\"BreadcrumbList\",\"@id\":\"https:\\\/\\\/boeselager-realschule.de\\\/?p=12754#breadcrumb\",\"itemListElement\":[{\"@type\":\"ListItem\",\"position\":1,\"name\":\"Startseite\",\"item\":\"https:\\\/\\\/boeselager-realschule.de\\\/\"},{\"@type\":\"ListItem\",\"position\":2,\"name\":\"Mit neuer Kraft ins Schuljahr 2025\\\/26\"}]},{\"@type\":\"WebSite\",\"@id\":\"https:\\\/\\\/boeselager-realschule.de\\\/#website\",\"url\":\"https:\\\/\\\/boeselager-realschule.de\\\/\",\"name\":\"Philipp Freiherr von Boeselager Realschule plus Ahrweiler\",\"description\":\"\",\"publisher\":{\"@id\":\"https:\\\/\\\/boeselager-realschule.de\\\/#organization\"},\"potentialAction\":[{\"@type\":\"SearchAction\",\"target\":{\"@type\":\"EntryPoint\",\"urlTemplate\":\"https:\\\/\\\/boeselager-realschule.de\\\/?s={search_term_string}\"},\"query-input\":{\"@type\":\"PropertyValueSpecification\",\"valueRequired\":true,\"valueName\":\"search_term_string\"}}],\"inLanguage\":\"de\"},{\"@type\":\"Organization\",\"@id\":\"https:\\\/\\\/boeselager-realschule.de\\\/#organization\",\"name\":\"Philipp Freiherr von Boeselager Realschule plus Ahrweiler\",\"url\":\"https:\\\/\\\/boeselager-realschule.de\\\/\",\"logo\":{\"@type\":\"ImageObject\",\"inLanguage\":\"de\",\"@id\":\"https:\\\/\\\/boeselager-realschule.de\\\/#\\\/schema\\\/logo\\\/image\\\/\",\"url\":\"https:\\\/\\\/boeselager-realschule.de\\\/wp-content\\\/uploads\\\/2025\\\/02\\\/logo_280-gif.gif\",\"contentUrl\":\"https:\\\/\\\/boeselager-realschule.de\\\/wp-content\\\/uploads\\\/2025\\\/02\\\/logo_280-gif.gif\",\"width\":280,\"height\":226,\"caption\":\"Philipp Freiherr von Boeselager Realschule plus Ahrweiler\"},\"image\":{\"@id\":\"https:\\\/\\\/boeselager-realschule.de\\\/#\\\/schema\\\/logo\\\/image\\\/\"},\"sameAs\":[\"https:\\\/\\\/www.facebook.com\\\/rsplus\"]},{\"@type\":\"Person\",\"@id\":\"https:\\\/\\\/boeselager-realschule.de\\\/#\\\/schema\\\/person\\\/5dee4af139bfcd761fb95ababfd1d028\",\"name\":\"Ralf Breuer\",\"sameAs\":[\"http:\\\/\\\/www.breuer-info.de\"],\"url\":\"https:\\\/\\\/boeselager-realschule.de\\\/?author=5\"}]}<\/script>\n<!-- \/ Yoast SEO plugin. -->","yoast_head_json":{"title":"Mit neuer Kraft ins Schuljahr 2025\/26 &#183; Philipp Freiherr von Boeselager Realschule plus Ahrweiler","description":"Realschule plus, Ahrweiler, Boeselager Realschule, individuelle F\u00f6rderung, Wahlpflichtf\u00e4cher, internationale Partnerschaften, Arbeitsgemeinschaften, Bildung, Schulgemeinschaft","robots":{"index":"index","follow":"follow","max-snippet":"max-snippet:-1","max-image-preview":"max-image-preview:large","max-video-preview":"max-video-preview:-1"},"canonical":"https:\/\/boeselager-realschule.de\/?p=12754","og_locale":"de_DE","og_type":"article","og_title":"Mit neuer Kraft ins Schuljahr 2025\/26 &#183; Philipp Freiherr von Boeselager Realschule plus Ahrweiler","og_description":"Realschule plus, Ahrweiler, Boeselager Realschule, individuelle F\u00f6rderung, Wahlpflichtf\u00e4cher, internationale Partnerschaften, Arbeitsgemeinschaften, Bildung, Schulgemeinschaft","og_url":"https:\/\/boeselager-realschule.de\/?p=12754","og_site_name":"Philipp Freiherr von Boeselager Realschule plus Ahrweiler","article_publisher":"https:\/\/www.facebook.com\/rsplus","article_published_time":"2025-08-17T11:18:08+00:00","article_modified_time":"2025-08-17T19:14:40+00:00","og_image":[{"width":555,"height":370,"url":"https:\/\/boeselager-realschule.de\/wp-content\/uploads\/2025\/08\/Maria-Laach-2.jpg","type":"image\/jpeg"}],"author":"Ralf Breuer","twitter_card":"summary_large_image","twitter_misc":{"Verfasst von":"Ralf Breuer","Gesch\u00e4tzte Lesezeit":"4\u00a0Minuten"},"schema":{"@context":"https:\/\/schema.org","@graph":[{"@type":"Article","@id":"https:\/\/boeselager-realschule.de\/?p=12754#article","isPartOf":{"@id":"https:\/\/boeselager-realschule.de\/?p=12754"},"author":{"name":"Ralf Breuer","@id":"https:\/\/boeselager-realschule.de\/#\/schema\/person\/5dee4af139bfcd761fb95ababfd1d028"},"headline":"Mit neuer Kraft ins Schuljahr 2025\/26","datePublished":"2025-08-17T11:18:08+00:00","dateModified":"2025-08-17T19:14:40+00:00","mainEntityOfPage":{"@id":"https:\/\/boeselager-realschule.de\/?p=12754"},"wordCount":499,"publisher":{"@id":"https:\/\/boeselager-realschule.de\/#organization"},"image":{"@id":"https:\/\/boeselager-realschule.de\/?p=12754#primaryimage"},"thumbnailUrl":"https:\/\/boeselager-realschule.de\/wp-content\/uploads\/2025\/08\/Maria-Laach-2.jpg","keywords":["Kloster Maria Laach","Prior Petrus"],"articleSection":["Exkursionen","Kreis Ahrweiler"],"inLanguage":"de"},{"@type":"WebPage","@id":"https:\/\/boeselager-realschule.de\/?p=12754","url":"https:\/\/boeselager-realschule.de\/?p=12754","name":"Mit neuer Kraft ins Schuljahr 2025\/26 &#183; Philipp Freiherr von Boeselager Realschule plus Ahrweiler","isPartOf":{"@id":"https:\/\/boeselager-realschule.de\/#website"},"primaryImageOfPage":{"@id":"https:\/\/boeselager-realschule.de\/?p=12754#primaryimage"},"image":{"@id":"https:\/\/boeselager-realschule.de\/?p=12754#primaryimage"},"thumbnailUrl":"https:\/\/boeselager-realschule.de\/wp-content\/uploads\/2025\/08\/Maria-Laach-2.jpg","datePublished":"2025-08-17T11:18:08+00:00","dateModified":"2025-08-17T19:14:40+00:00","description":"Realschule plus, Ahrweiler, Boeselager Realschule, individuelle F\u00f6rderung, Wahlpflichtf\u00e4cher, internationale Partnerschaften, Arbeitsgemeinschaften, Bildung, Schulgemeinschaft","breadcrumb":{"@id":"https:\/\/boeselager-realschule.de\/?p=12754#breadcrumb"},"inLanguage":"de","potentialAction":[{"@type":"ReadAction","target":["https:\/\/boeselager-realschule.de\/?p=12754"]}]},{"@type":"ImageObject","inLanguage":"de","@id":"https:\/\/boeselager-realschule.de\/?p=12754#primaryimage","url":"https:\/\/boeselager-realschule.de\/wp-content\/uploads\/2025\/08\/Maria-Laach-2.jpg","contentUrl":"https:\/\/boeselager-realschule.de\/wp-content\/uploads\/2025\/08\/Maria-Laach-2.jpg","width":555,"height":370},{"@type":"BreadcrumbList","@id":"https:\/\/boeselager-realschule.de\/?p=12754#breadcrumb","itemListElement":[{"@type":"ListItem","position":1,"name":"Startseite","item":"https:\/\/boeselager-realschule.de\/"},{"@type":"ListItem","position":2,"name":"Mit neuer Kraft ins Schuljahr 2025\/26"}]},{"@type":"WebSite","@id":"https:\/\/boeselager-realschule.de\/#website","url":"https:\/\/boeselager-realschule.de\/","name":"Philipp Freiherr von Boeselager Realschule plus Ahrweiler","description":"","publisher":{"@id":"https:\/\/boeselager-realschule.de\/#organization"},"potentialAction":[{"@type":"SearchAction","target":{"@type":"EntryPoint","urlTemplate":"https:\/\/boeselager-realschule.de\/?s={search_term_string}"},"query-input":{"@type":"PropertyValueSpecification","valueRequired":true,"valueName":"search_term_string"}}],"inLanguage":"de"},{"@type":"Organization","@id":"https:\/\/boeselager-realschule.de\/#organization","name":"Philipp Freiherr von Boeselager Realschule plus Ahrweiler","url":"https:\/\/boeselager-realschule.de\/","logo":{"@type":"ImageObject","inLanguage":"de","@id":"https:\/\/boeselager-realschule.de\/#\/schema\/logo\/image\/","url":"https:\/\/boeselager-realschule.de\/wp-content\/uploads\/2025\/02\/logo_280-gif.gif","contentUrl":"https:\/\/boeselager-realschule.de\/wp-content\/uploads\/2025\/02\/logo_280-gif.gif","width":280,"height":226,"caption":"Philipp Freiherr von Boeselager Realschule plus Ahrweiler"},"image":{"@id":"https:\/\/boeselager-realschule.de\/#\/schema\/logo\/image\/"},"sameAs":["https:\/\/www.facebook.com\/rsplus"]},{"@type":"Person","@id":"https:\/\/boeselager-realschule.de\/#\/schema\/person\/5dee4af139bfcd761fb95ababfd1d028","name":"Ralf Breuer","sameAs":["http:\/\/www.breuer-info.de"],"url":"https:\/\/boeselager-realschule.de\/?author=5"}]}},"_links":{"self":[{"href":"https:\/\/boeselager-realschule.de\/index.php?rest_route=\/wp\/v2\/posts\/12754","targetHints":{"allow":["GET"]}}],"collection":[{"href":"https:\/\/boeselager-realschule.de\/index.php?rest_route=\/wp\/v2\/posts"}],"about":[{"href":"https:\/\/boeselager-realschule.de\/index.php?rest_route=\/wp\/v2\/types\/post"}],"author":[{"embeddable":true,"href":"https:\/\/boeselager-realschule.de\/index.php?rest_route=\/wp\/v2\/users\/5"}],"replies":[{"embeddable":true,"href":"https:\/\/boeselager-realschule.de\/index.php?rest_route=%2Fwp%2Fv2%2Fcomments&post=12754"}],"version-history":[{"count":7,"href":"https:\/\/boeselager-realschule.de\/index.php?rest_route=\/wp\/v2\/posts\/12754\/revisions"}],"predecessor-version":[{"id":12765,"href":"https:\/\/boeselager-realschule.de\/index.php?rest_route=\/wp\/v2\/posts\/12754\/revisions\/12765"}],"wp:attachment":[{"href":"https:\/\/boeselager-realschule.de\/index.php?rest_route=%2Fwp%2Fv2%2Fmedia&parent=12754"}],"wp:term":[{"taxonomy":"category","embeddable":true,"href":"https:\/\/boeselager-realschule.de\/index.php?rest_route=%2Fwp%2Fv2%2Fcategories&post=12754"},{"taxonomy":"post_tag","embeddable":true,"href":"https:\/\/boeselager-realschule.de\/index.php?rest_route=%2Fwp%2Fv2%2Ftags&post=12754"}],"curies":[{"name":"wp","href":"https:\/\/api.w.org\/{rel}","templated":true}]}}