{"id":12566,"date":"2025-05-04T20:10:47","date_gmt":"2025-05-04T18:10:47","guid":{"rendered":"https:\/\/boeselager-realschule.de\/?p=12566"},"modified":"2025-05-04T20:16:33","modified_gmt":"2025-05-04T18:16:33","slug":"9c-besuchte-beethoven-haus-in-bonn","status":"publish","type":"post","link":"https:\/\/boeselager-realschule.de\/?p=12566","title":{"rendered":"9c besuchte Beethoven-Haus in Bonn"},"content":{"rendered":"<p class=\"\" data-start=\"0\" data-end=\"100\"><strong data-start=\"0\" data-end=\"100\">Exkursion der Klasse 9c zum Beethoven-Haus nach Bonn \u2013 Auf den Spuren eines musikalischen Genies<\/strong><\/p>\n<p data-start=\"0\" data-end=\"100\"><img loading=\"lazy\" decoding=\"async\" class=\"aligncenter size-full wp-image-12567\" src=\"https:\/\/boeselager-realschule.de\/wp-content\/uploads\/2025\/05\/2025-9c-BBH.jpg\" alt=\"\" width=\"555\" height=\"396\" srcset=\"https:\/\/boeselager-realschule.de\/wp-content\/uploads\/2025\/05\/2025-9c-BBH.jpg 555w, https:\/\/boeselager-realschule.de\/wp-content\/uploads\/2025\/05\/2025-9c-BBH-300x214.jpg 300w\" sizes=\"auto, (max-width: 555px) 100vw, 555px\" \/><\/p>\n<p class=\"\" data-start=\"102\" data-end=\"539\">Im Rahmen des Musikunterrichts besch\u00e4ftigte sich die Klasse 9c der Philipp Freiherr von Boeselager Realschule Ahrweiler in den vergangenen Wochen intensiv mit klassischer Musik \u2013 insbesondere mit dem Leben und Werk des weltber\u00fchmten Komponisten Ludwig van Beethoven. Um die theoretischen Inhalte anschaulich zu vertiefen, unternahmen die 27 Sch\u00fclerinnen und Sch\u00fcler eine Exkursion ins <a href=\"https:\/\/www.beethoven.de\/\" target=\"_blank\" rel=\"noopener\">Beethoven-Haus nach Bonn<\/a> \u2013 organisiert von Musiklehrerin Josephin Sonntag und mit begleitet von Simone Marschner.<\/p>\n<p class=\"\" data-start=\"541\" data-end=\"852\">Das Beethoven-Haus ist das Geburtshaus des Komponisten und z\u00e4hlt heute zu den bedeutendsten Musiker-Museen weltweit. Es beherbergt nicht nur eine Vielzahl an Originaldokumenten und Exponaten aus Beethovens Leben, sondern gibt auch Einblick in seine pers\u00f6nliche Entwicklung, seine Arbeitsweise und seinen Alltag.<\/p>\n<p data-start=\"541\" data-end=\"852\"><img loading=\"lazy\" decoding=\"async\" class=\"aligncenter size-full wp-image-12568\" src=\"https:\/\/boeselager-realschule.de\/wp-content\/uploads\/2025\/05\/2025-9c-BBH-2.jpg\" alt=\"\" width=\"555\" height=\"412\" srcset=\"https:\/\/boeselager-realschule.de\/wp-content\/uploads\/2025\/05\/2025-9c-BBH-2.jpg 555w, https:\/\/boeselager-realschule.de\/wp-content\/uploads\/2025\/05\/2025-9c-BBH-2-300x223.jpg 300w\" sizes=\"auto, (max-width: 555px) 100vw, 555px\" \/><\/p>\n<p class=\"\" data-start=\"854\" data-end=\"1302\">Besonders eindrucksvoll war f\u00fcr die Jugendlichen die interaktive Ausstellung zum Thema H\u00f6rverlust. Beethoven verlor ab seinem 26. Lebensjahr zunehmend sein Geh\u00f6r \u2013 eine schwere Einschr\u00e4nkung, die sein Leben und Schaffen stark beeinflusste. In einem speziellen Bereich konnten die Sch\u00fclerinnen und Sch\u00fcler durch Simulationen nachempfinden, wie es ist, taub zu sein. So wurde ein bedeutender Aspekt seiner Biografie auf eindrucksvolle Weise greifbar.<\/p>\n<p class=\"\" data-start=\"1304\" data-end=\"1763\">Neben der Auseinandersetzung mit Beethovens Kompositionen, Briefen und Instrumenten, bot die Exkursion auch Gelegenheit, sich mit dem historischen Umfeld des sp\u00e4ten 18. und fr\u00fchen 19. Jahrhunderts vertraut zu machen. Die F\u00fchrung durch das Museum verdeutlichte, unter welchen gesellschaftlichen Bedingungen Beethoven wirkte und wie revolution\u00e4r viele seiner musikalischen Ideen waren \u2013 nicht nur f\u00fcr seine Zeit, sondern auch f\u00fcr die nachfolgenden Generationen.<\/p>\n<p data-start=\"1304\" data-end=\"1763\"><img loading=\"lazy\" decoding=\"async\" class=\"aligncenter size-full wp-image-12569\" src=\"https:\/\/boeselager-realschule.de\/wp-content\/uploads\/2025\/05\/2025-9c-BBH-0.jpg\" alt=\"\" width=\"554\" height=\"326\" srcset=\"https:\/\/boeselager-realschule.de\/wp-content\/uploads\/2025\/05\/2025-9c-BBH-0.jpg 554w, https:\/\/boeselager-realschule.de\/wp-content\/uploads\/2025\/05\/2025-9c-BBH-0-300x177.jpg 300w\" sizes=\"auto, (max-width: 554px) 100vw, 554px\" \/><\/p>\n<p class=\"\" data-start=\"1765\" data-end=\"2104\">Der Besuch im Beethoven-Haus war f\u00fcr die Sch\u00fclerinnen und Sch\u00fcler eine lehrreiche Erfahrung, die ihnen erm\u00f6glichte, klassische Musik aus einer neuen, pers\u00f6nlichen Perspektive zu entdecken. Gleichzeitig st\u00e4rkte der gemeinsame Ausflug das Klassenklima und weckte bei vielen das Interesse, sich weiter mit der Musikgeschichte zu besch\u00e4ftigen.<\/p>\n<p class=\"\" style=\"text-align: right;\" data-start=\"2106\" data-end=\"2205\"><em><strong>Die Klasse 9c dankt dem <a href=\"https:\/\/www.beethoven.de\/\" target=\"_blank\" rel=\"noopener\">Beethoven-Haus Bonn<\/a> f\u00fcr den herzlichen Empfang<br \/>\n&amp; dem <a href=\"https:\/\/boeselager-realschule.de\/?page_id=156\">F\u00f6rderverein der Boeselager-Realschule<\/a> f\u00fcr die Finanzierung dieser Exkursion!<\/strong><\/em><\/p>\n","protected":false},"excerpt":{"rendered":"<p>Exkursion der Klasse 9c zum Beethoven-Haus nach Bonn \u2013 Auf den Spuren eines musikalischen Genies Im Rahmen des Musikunterrichts besch\u00e4ftigte sich die Klasse 9c der Philipp Freiherr von Boeselager Realschule Ahrweiler in den vergangenen Wochen intensiv mit klassischer Musik \u2013 insbesondere mit dem Leben und Werk des weltber\u00fchmten Komponisten Ludwig van Beethoven. Um die theoretischen [&hellip;]<\/p>\n","protected":false},"author":5,"featured_media":0,"comment_status":"closed","ping_status":"open","sticky":false,"template":"","format":"standard","meta":{"ngg_post_thumbnail":0,"footnotes":""},"categories":[186],"tags":[855,959,634],"class_list":["post-12566","post","type-post","status-publish","format-standard","hentry","category-exkursionen","tag-beethoven","tag-beethoven-haus","tag-bonn"],"yoast_head":"<!-- This site is optimized with the Yoast SEO plugin v28.3 - https:\/\/yoast.com\/product\/yoast-seo-wordpress\/ -->\n<title>9c besuchte Beethoven-Haus in Bonn &#183; Philipp Freiherr von Boeselager Realschule plus Ahrweiler<\/title>\n<meta name=\"description\" content=\"Realschule plus, Ahrweiler, Boeselager Realschule, individuelle F\u00f6rderung, Wahlpflichtf\u00e4cher, internationale Partnerschaften, Arbeitsgemeinschaften, Bildung, Schulgemeinschaft\" \/>\n<meta name=\"robots\" content=\"index, follow, max-snippet:-1, max-image-preview:large, max-video-preview:-1\" \/>\n<link rel=\"canonical\" href=\"https:\/\/boeselager-realschule.de\/?p=12566\" \/>\n<meta property=\"og:locale\" content=\"de_DE\" \/>\n<meta property=\"og:type\" content=\"article\" \/>\n<meta property=\"og:title\" content=\"9c besuchte Beethoven-Haus in Bonn &#183; Philipp Freiherr von Boeselager Realschule plus Ahrweiler\" \/>\n<meta property=\"og:description\" content=\"Realschule plus, Ahrweiler, Boeselager Realschule, individuelle F\u00f6rderung, Wahlpflichtf\u00e4cher, internationale Partnerschaften, Arbeitsgemeinschaften, Bildung, Schulgemeinschaft\" \/>\n<meta property=\"og:url\" content=\"https:\/\/boeselager-realschule.de\/?p=12566\" \/>\n<meta property=\"og:site_name\" content=\"Philipp Freiherr von Boeselager Realschule plus Ahrweiler\" \/>\n<meta property=\"article:publisher\" content=\"https:\/\/www.facebook.com\/rsplus\" \/>\n<meta property=\"article:published_time\" content=\"2025-05-04T18:10:47+00:00\" \/>\n<meta property=\"article:modified_time\" content=\"2025-05-04T18:16:33+00:00\" \/>\n<meta property=\"og:image\" content=\"https:\/\/boeselager-realschule.de\/wp-content\/uploads\/2025\/05\/2025-9c-BBH.jpg\" \/>\n\t<meta property=\"og:image:width\" content=\"555\" \/>\n\t<meta property=\"og:image:height\" content=\"396\" \/>\n\t<meta property=\"og:image:type\" content=\"image\/jpeg\" \/>\n<meta name=\"author\" content=\"Ralf Breuer\" \/>\n<meta name=\"twitter:card\" content=\"summary_large_image\" \/>\n<meta name=\"twitter:label1\" content=\"Verfasst von\" \/>\n\t<meta name=\"twitter:data1\" content=\"Ralf Breuer\" \/>\n\t<meta name=\"twitter:label2\" content=\"Gesch\u00e4tzte Lesezeit\" \/>\n\t<meta name=\"twitter:data2\" content=\"3\u00a0Minuten\" \/>\n<script type=\"application\/ld+json\" class=\"yoast-schema-graph\">{\"@context\":\"https:\\\/\\\/schema.org\",\"@graph\":[{\"@type\":\"Article\",\"@id\":\"https:\\\/\\\/boeselager-realschule.de\\\/?p=12566#article\",\"isPartOf\":{\"@id\":\"https:\\\/\\\/boeselager-realschule.de\\\/?p=12566\"},\"author\":{\"name\":\"Ralf Breuer\",\"@id\":\"https:\\\/\\\/boeselager-realschule.de\\\/#\\\/schema\\\/person\\\/5dee4af139bfcd761fb95ababfd1d028\"},\"headline\":\"9c besuchte Beethoven-Haus in Bonn\",\"datePublished\":\"2025-05-04T18:10:47+00:00\",\"dateModified\":\"2025-05-04T18:16:33+00:00\",\"mainEntityOfPage\":{\"@id\":\"https:\\\/\\\/boeselager-realschule.de\\\/?p=12566\"},\"wordCount\":336,\"publisher\":{\"@id\":\"https:\\\/\\\/boeselager-realschule.de\\\/#organization\"},\"image\":{\"@id\":\"https:\\\/\\\/boeselager-realschule.de\\\/?p=12566#primaryimage\"},\"thumbnailUrl\":\"https:\\\/\\\/boeselager-realschule.de\\\/wp-content\\\/uploads\\\/2025\\\/05\\\/2025-9c-BBH.jpg\",\"keywords\":[\"Beethoven\",\"Beethoven-Haus\",\"Bonn\"],\"articleSection\":[\"Exkursionen\"],\"inLanguage\":\"de\"},{\"@type\":\"WebPage\",\"@id\":\"https:\\\/\\\/boeselager-realschule.de\\\/?p=12566\",\"url\":\"https:\\\/\\\/boeselager-realschule.de\\\/?p=12566\",\"name\":\"9c besuchte Beethoven-Haus in Bonn &#183; Philipp Freiherr von Boeselager Realschule plus Ahrweiler\",\"isPartOf\":{\"@id\":\"https:\\\/\\\/boeselager-realschule.de\\\/#website\"},\"primaryImageOfPage\":{\"@id\":\"https:\\\/\\\/boeselager-realschule.de\\\/?p=12566#primaryimage\"},\"image\":{\"@id\":\"https:\\\/\\\/boeselager-realschule.de\\\/?p=12566#primaryimage\"},\"thumbnailUrl\":\"https:\\\/\\\/boeselager-realschule.de\\\/wp-content\\\/uploads\\\/2025\\\/05\\\/2025-9c-BBH.jpg\",\"datePublished\":\"2025-05-04T18:10:47+00:00\",\"dateModified\":\"2025-05-04T18:16:33+00:00\",\"description\":\"Realschule plus, Ahrweiler, Boeselager Realschule, individuelle F\u00f6rderung, Wahlpflichtf\u00e4cher, internationale Partnerschaften, Arbeitsgemeinschaften, Bildung, Schulgemeinschaft\",\"breadcrumb\":{\"@id\":\"https:\\\/\\\/boeselager-realschule.de\\\/?p=12566#breadcrumb\"},\"inLanguage\":\"de\",\"potentialAction\":[{\"@type\":\"ReadAction\",\"target\":[\"https:\\\/\\\/boeselager-realschule.de\\\/?p=12566\"]}]},{\"@type\":\"ImageObject\",\"inLanguage\":\"de\",\"@id\":\"https:\\\/\\\/boeselager-realschule.de\\\/?p=12566#primaryimage\",\"url\":\"https:\\\/\\\/boeselager-realschule.de\\\/wp-content\\\/uploads\\\/2025\\\/05\\\/2025-9c-BBH.jpg\",\"contentUrl\":\"https:\\\/\\\/boeselager-realschule.de\\\/wp-content\\\/uploads\\\/2025\\\/05\\\/2025-9c-BBH.jpg\",\"width\":555,\"height\":396},{\"@type\":\"BreadcrumbList\",\"@id\":\"https:\\\/\\\/boeselager-realschule.de\\\/?p=12566#breadcrumb\",\"itemListElement\":[{\"@type\":\"ListItem\",\"position\":1,\"name\":\"Startseite\",\"item\":\"https:\\\/\\\/boeselager-realschule.de\\\/\"},{\"@type\":\"ListItem\",\"position\":2,\"name\":\"9c besuchte Beethoven-Haus in Bonn\"}]},{\"@type\":\"WebSite\",\"@id\":\"https:\\\/\\\/boeselager-realschule.de\\\/#website\",\"url\":\"https:\\\/\\\/boeselager-realschule.de\\\/\",\"name\":\"Philipp Freiherr von Boeselager Realschule plus Ahrweiler\",\"description\":\"\",\"publisher\":{\"@id\":\"https:\\\/\\\/boeselager-realschule.de\\\/#organization\"},\"potentialAction\":[{\"@type\":\"SearchAction\",\"target\":{\"@type\":\"EntryPoint\",\"urlTemplate\":\"https:\\\/\\\/boeselager-realschule.de\\\/?s={search_term_string}\"},\"query-input\":{\"@type\":\"PropertyValueSpecification\",\"valueRequired\":true,\"valueName\":\"search_term_string\"}}],\"inLanguage\":\"de\"},{\"@type\":\"Organization\",\"@id\":\"https:\\\/\\\/boeselager-realschule.de\\\/#organization\",\"name\":\"Philipp Freiherr von Boeselager Realschule plus Ahrweiler\",\"url\":\"https:\\\/\\\/boeselager-realschule.de\\\/\",\"logo\":{\"@type\":\"ImageObject\",\"inLanguage\":\"de\",\"@id\":\"https:\\\/\\\/boeselager-realschule.de\\\/#\\\/schema\\\/logo\\\/image\\\/\",\"url\":\"https:\\\/\\\/boeselager-realschule.de\\\/wp-content\\\/uploads\\\/2025\\\/02\\\/logo_280-gif.gif\",\"contentUrl\":\"https:\\\/\\\/boeselager-realschule.de\\\/wp-content\\\/uploads\\\/2025\\\/02\\\/logo_280-gif.gif\",\"width\":280,\"height\":226,\"caption\":\"Philipp Freiherr von Boeselager Realschule plus Ahrweiler\"},\"image\":{\"@id\":\"https:\\\/\\\/boeselager-realschule.de\\\/#\\\/schema\\\/logo\\\/image\\\/\"},\"sameAs\":[\"https:\\\/\\\/www.facebook.com\\\/rsplus\"]},{\"@type\":\"Person\",\"@id\":\"https:\\\/\\\/boeselager-realschule.de\\\/#\\\/schema\\\/person\\\/5dee4af139bfcd761fb95ababfd1d028\",\"name\":\"Ralf Breuer\",\"sameAs\":[\"http:\\\/\\\/www.breuer-info.de\"],\"url\":\"https:\\\/\\\/boeselager-realschule.de\\\/?author=5\"}]}<\/script>\n<!-- \/ Yoast SEO plugin. -->","yoast_head_json":{"title":"9c besuchte Beethoven-Haus in Bonn &#183; Philipp Freiherr von Boeselager Realschule plus Ahrweiler","description":"Realschule plus, Ahrweiler, Boeselager Realschule, individuelle F\u00f6rderung, Wahlpflichtf\u00e4cher, internationale Partnerschaften, Arbeitsgemeinschaften, Bildung, Schulgemeinschaft","robots":{"index":"index","follow":"follow","max-snippet":"max-snippet:-1","max-image-preview":"max-image-preview:large","max-video-preview":"max-video-preview:-1"},"canonical":"https:\/\/boeselager-realschule.de\/?p=12566","og_locale":"de_DE","og_type":"article","og_title":"9c besuchte Beethoven-Haus in Bonn &#183; Philipp Freiherr von Boeselager Realschule plus Ahrweiler","og_description":"Realschule plus, Ahrweiler, Boeselager Realschule, individuelle F\u00f6rderung, Wahlpflichtf\u00e4cher, internationale Partnerschaften, Arbeitsgemeinschaften, Bildung, Schulgemeinschaft","og_url":"https:\/\/boeselager-realschule.de\/?p=12566","og_site_name":"Philipp Freiherr von Boeselager Realschule plus Ahrweiler","article_publisher":"https:\/\/www.facebook.com\/rsplus","article_published_time":"2025-05-04T18:10:47+00:00","article_modified_time":"2025-05-04T18:16:33+00:00","og_image":[{"width":555,"height":396,"url":"https:\/\/boeselager-realschule.de\/wp-content\/uploads\/2025\/05\/2025-9c-BBH.jpg","type":"image\/jpeg"}],"author":"Ralf Breuer","twitter_card":"summary_large_image","twitter_misc":{"Verfasst von":"Ralf Breuer","Gesch\u00e4tzte Lesezeit":"3\u00a0Minuten"},"schema":{"@context":"https:\/\/schema.org","@graph":[{"@type":"Article","@id":"https:\/\/boeselager-realschule.de\/?p=12566#article","isPartOf":{"@id":"https:\/\/boeselager-realschule.de\/?p=12566"},"author":{"name":"Ralf Breuer","@id":"https:\/\/boeselager-realschule.de\/#\/schema\/person\/5dee4af139bfcd761fb95ababfd1d028"},"headline":"9c besuchte Beethoven-Haus in Bonn","datePublished":"2025-05-04T18:10:47+00:00","dateModified":"2025-05-04T18:16:33+00:00","mainEntityOfPage":{"@id":"https:\/\/boeselager-realschule.de\/?p=12566"},"wordCount":336,"publisher":{"@id":"https:\/\/boeselager-realschule.de\/#organization"},"image":{"@id":"https:\/\/boeselager-realschule.de\/?p=12566#primaryimage"},"thumbnailUrl":"https:\/\/boeselager-realschule.de\/wp-content\/uploads\/2025\/05\/2025-9c-BBH.jpg","keywords":["Beethoven","Beethoven-Haus","Bonn"],"articleSection":["Exkursionen"],"inLanguage":"de"},{"@type":"WebPage","@id":"https:\/\/boeselager-realschule.de\/?p=12566","url":"https:\/\/boeselager-realschule.de\/?p=12566","name":"9c besuchte Beethoven-Haus in Bonn &#183; Philipp Freiherr von Boeselager Realschule plus Ahrweiler","isPartOf":{"@id":"https:\/\/boeselager-realschule.de\/#website"},"primaryImageOfPage":{"@id":"https:\/\/boeselager-realschule.de\/?p=12566#primaryimage"},"image":{"@id":"https:\/\/boeselager-realschule.de\/?p=12566#primaryimage"},"thumbnailUrl":"https:\/\/boeselager-realschule.de\/wp-content\/uploads\/2025\/05\/2025-9c-BBH.jpg","datePublished":"2025-05-04T18:10:47+00:00","dateModified":"2025-05-04T18:16:33+00:00","description":"Realschule plus, Ahrweiler, Boeselager Realschule, individuelle F\u00f6rderung, Wahlpflichtf\u00e4cher, internationale Partnerschaften, Arbeitsgemeinschaften, Bildung, Schulgemeinschaft","breadcrumb":{"@id":"https:\/\/boeselager-realschule.de\/?p=12566#breadcrumb"},"inLanguage":"de","potentialAction":[{"@type":"ReadAction","target":["https:\/\/boeselager-realschule.de\/?p=12566"]}]},{"@type":"ImageObject","inLanguage":"de","@id":"https:\/\/boeselager-realschule.de\/?p=12566#primaryimage","url":"https:\/\/boeselager-realschule.de\/wp-content\/uploads\/2025\/05\/2025-9c-BBH.jpg","contentUrl":"https:\/\/boeselager-realschule.de\/wp-content\/uploads\/2025\/05\/2025-9c-BBH.jpg","width":555,"height":396},{"@type":"BreadcrumbList","@id":"https:\/\/boeselager-realschule.de\/?p=12566#breadcrumb","itemListElement":[{"@type":"ListItem","position":1,"name":"Startseite","item":"https:\/\/boeselager-realschule.de\/"},{"@type":"ListItem","position":2,"name":"9c besuchte Beethoven-Haus in Bonn"}]},{"@type":"WebSite","@id":"https:\/\/boeselager-realschule.de\/#website","url":"https:\/\/boeselager-realschule.de\/","name":"Philipp Freiherr von Boeselager Realschule plus Ahrweiler","description":"","publisher":{"@id":"https:\/\/boeselager-realschule.de\/#organization"},"potentialAction":[{"@type":"SearchAction","target":{"@type":"EntryPoint","urlTemplate":"https:\/\/boeselager-realschule.de\/?s={search_term_string}"},"query-input":{"@type":"PropertyValueSpecification","valueRequired":true,"valueName":"search_term_string"}}],"inLanguage":"de"},{"@type":"Organization","@id":"https:\/\/boeselager-realschule.de\/#organization","name":"Philipp Freiherr von Boeselager Realschule plus Ahrweiler","url":"https:\/\/boeselager-realschule.de\/","logo":{"@type":"ImageObject","inLanguage":"de","@id":"https:\/\/boeselager-realschule.de\/#\/schema\/logo\/image\/","url":"https:\/\/boeselager-realschule.de\/wp-content\/uploads\/2025\/02\/logo_280-gif.gif","contentUrl":"https:\/\/boeselager-realschule.de\/wp-content\/uploads\/2025\/02\/logo_280-gif.gif","width":280,"height":226,"caption":"Philipp Freiherr von Boeselager Realschule plus Ahrweiler"},"image":{"@id":"https:\/\/boeselager-realschule.de\/#\/schema\/logo\/image\/"},"sameAs":["https:\/\/www.facebook.com\/rsplus"]},{"@type":"Person","@id":"https:\/\/boeselager-realschule.de\/#\/schema\/person\/5dee4af139bfcd761fb95ababfd1d028","name":"Ralf Breuer","sameAs":["http:\/\/www.breuer-info.de"],"url":"https:\/\/boeselager-realschule.de\/?author=5"}]}},"_links":{"self":[{"href":"https:\/\/boeselager-realschule.de\/index.php?rest_route=\/wp\/v2\/posts\/12566","targetHints":{"allow":["GET"]}}],"collection":[{"href":"https:\/\/boeselager-realschule.de\/index.php?rest_route=\/wp\/v2\/posts"}],"about":[{"href":"https:\/\/boeselager-realschule.de\/index.php?rest_route=\/wp\/v2\/types\/post"}],"author":[{"embeddable":true,"href":"https:\/\/boeselager-realschule.de\/index.php?rest_route=\/wp\/v2\/users\/5"}],"replies":[{"embeddable":true,"href":"https:\/\/boeselager-realschule.de\/index.php?rest_route=%2Fwp%2Fv2%2Fcomments&post=12566"}],"version-history":[{"count":6,"href":"https:\/\/boeselager-realschule.de\/index.php?rest_route=\/wp\/v2\/posts\/12566\/revisions"}],"predecessor-version":[{"id":12575,"href":"https:\/\/boeselager-realschule.de\/index.php?rest_route=\/wp\/v2\/posts\/12566\/revisions\/12575"}],"wp:attachment":[{"href":"https:\/\/boeselager-realschule.de\/index.php?rest_route=%2Fwp%2Fv2%2Fmedia&parent=12566"}],"wp:term":[{"taxonomy":"category","embeddable":true,"href":"https:\/\/boeselager-realschule.de\/index.php?rest_route=%2Fwp%2Fv2%2Fcategories&post=12566"},{"taxonomy":"post_tag","embeddable":true,"href":"https:\/\/boeselager-realschule.de\/index.php?rest_route=%2Fwp%2Fv2%2Ftags&post=12566"}],"curies":[{"name":"wp","href":"https:\/\/api.w.org\/{rel}","templated":true}]}}