{"id":1179,"date":"2010-10-08T15:00:58","date_gmt":"2010-10-08T13:00:58","guid":{"rendered":"http:\/\/boeselager-schule.de\/?p=1179"},"modified":"2010-10-08T15:03:20","modified_gmt":"2010-10-08T13:03:20","slug":"gruse-aus-der-turkei","status":"publish","type":"post","link":"https:\/\/boeselager-realschule.de\/?p=1179","title":{"rendered":"Gr\u00fc\u00dfe aus der T\u00fcrkei"},"content":{"rendered":"<p style=\"text-align: center;\"><img loading=\"lazy\" decoding=\"async\" class=\"aligncenter size-full wp-image-1180\" title=\"T\u00fcrkei-Austausch 2010\" src=\"http:\/\/boeselager-schule.de\/wp-content\/uploads\/2010\/10\/tuerkei2010a.jpg\" alt=\"T\u00fcrkei-Austausch 2010\" width=\"518\" height=\"247\" srcset=\"https:\/\/boeselager-realschule.de\/wp-content\/uploads\/2010\/10\/tuerkei2010a.jpg 800w, https:\/\/boeselager-realschule.de\/wp-content\/uploads\/2010\/10\/tuerkei2010a-300x142.jpg 300w\" sizes=\"auto, (max-width: 518px) 100vw, 518px\" \/><\/p>\n<p style=\"text-align: left;\">Folgende E-Mail erhielten wir am letzten Tag vor den Herbstferien von unserer T\u00fcrkei AG, die zurzeit in der T\u00fcrkei weilt:<\/p>\n<blockquote><p><em><strong>Liebe Gr\u00fc\u00dfe aus der T\u00fcrkei<\/strong><\/em><\/p>\n<p><em>Mit gro\u00dfer Herzlichkeit wurden wir erneut von Sch\u00fclern und Lehrern der Partnerschule in Izmir begr\u00fc\u00dft.<br \/>\nIn diesem Jahr gab es gleich zu Beginn ein traditionelles Fr\u00fchst\u00fcck.\u00a0 Gemeinsam mit unseren t\u00fcrkischen Gastsch\u00fclern und Eltern gab es Fladenbrot,\u00a0 G\u00f6zleme und Bohnensuppen.\u00a0 Sogar den Teig durften wir\u00a0 selbst ausrollen, bevor er gebacken wurde.<\/em><\/p>\n<p><em>In den n\u00e4chsten Tagen soll es dann weitergehen mit dem Besuch von Ephesus.\u00a0 Aber auch Strand und Shopping stehen auf dem Programm.<\/em><\/p>\n<p><em>Der H\u00f6hepunkt wird ein gro\u00dfer Kulturabend sein, bei dem ein zweisprachiges Theaterst\u00fcck, deutsch-t\u00fcrkische Lieder und Gedichte aufgef\u00fchrt werden.<br \/>\nAls G\u00e4ste werden u.a. der Provinzgouverneur von Izmir sowie der deutsche Konsul und Vertreter des Goethe-Institutes sein.<\/em><\/p><\/blockquote>\n<p style=\"text-align: center;\"><img loading=\"lazy\" decoding=\"async\" class=\"aligncenter size-full wp-image-1181\" title=\"T\u00fcrkei-Austausch 2010\" src=\"http:\/\/boeselager-schule.de\/wp-content\/uploads\/2010\/10\/tuerkei2010b.jpg\" alt=\"T\u00fcrkei-Austausch 2010\" width=\"518\" height=\"304\" srcset=\"https:\/\/boeselager-realschule.de\/wp-content\/uploads\/2010\/10\/tuerkei2010b.jpg 800w, https:\/\/boeselager-realschule.de\/wp-content\/uploads\/2010\/10\/tuerkei2010b-300x175.jpg 300w\" sizes=\"auto, (max-width: 518px) 100vw, 518px\" \/><\/p>\n","protected":false},"excerpt":{"rendered":"<p>Folgende E-Mail erhielten wir am letzten Tag vor den Herbstferien von unserer T\u00fcrkei AG, die zurzeit in der T\u00fcrkei weilt: Liebe Gr\u00fc\u00dfe aus der T\u00fcrkei Mit gro\u00dfer Herzlichkeit wurden wir erneut von Sch\u00fclern und Lehrern der Partnerschule in Izmir begr\u00fc\u00dft. In diesem Jahr gab es gleich zu Beginn ein traditionelles Fr\u00fchst\u00fcck.\u00a0 Gemeinsam mit unseren t\u00fcrkischen [&hellip;]<\/p>\n","protected":false},"author":5,"featured_media":0,"comment_status":"closed","ping_status":"open","sticky":false,"template":"","format":"standard","meta":{"ngg_post_thumbnail":0,"footnotes":""},"categories":[3],"tags":[129,46,130,91,128],"class_list":["post-1179","post","type-post","status-publish","format-standard","hentry","category-projekte","tag-austausch","tag-izmir","tag-schuleraustausch","tag-turkei","tag-turkei-ag"],"yoast_head":"<!-- This site is optimized with the Yoast SEO plugin v28.3 - https:\/\/yoast.com\/product\/yoast-seo-wordpress\/ -->\n<title>Gr\u00fc\u00dfe aus der T\u00fcrkei &#183; Philipp Freiherr von Boeselager Realschule plus Ahrweiler<\/title>\n<meta name=\"description\" content=\"Realschule plus, Ahrweiler, Boeselager Realschule, individuelle F\u00f6rderung, Wahlpflichtf\u00e4cher, internationale Partnerschaften, Arbeitsgemeinschaften, Bildung, Schulgemeinschaft\" \/>\n<meta name=\"robots\" content=\"index, follow, max-snippet:-1, max-image-preview:large, max-video-preview:-1\" \/>\n<link rel=\"canonical\" href=\"https:\/\/boeselager-realschule.de\/?p=1179\" \/>\n<meta property=\"og:locale\" content=\"de_DE\" \/>\n<meta property=\"og:type\" content=\"article\" \/>\n<meta property=\"og:title\" content=\"Gr\u00fc\u00dfe aus der T\u00fcrkei &#183; Philipp Freiherr von Boeselager Realschule plus Ahrweiler\" \/>\n<meta property=\"og:description\" content=\"Realschule plus, Ahrweiler, Boeselager Realschule, individuelle F\u00f6rderung, Wahlpflichtf\u00e4cher, internationale Partnerschaften, Arbeitsgemeinschaften, Bildung, Schulgemeinschaft\" \/>\n<meta property=\"og:url\" content=\"https:\/\/boeselager-realschule.de\/?p=1179\" \/>\n<meta property=\"og:site_name\" content=\"Philipp Freiherr von Boeselager Realschule plus Ahrweiler\" \/>\n<meta property=\"article:publisher\" content=\"https:\/\/www.facebook.com\/rsplus\" \/>\n<meta property=\"article:published_time\" content=\"2010-10-08T13:00:58+00:00\" \/>\n<meta property=\"article:modified_time\" content=\"2010-10-08T13:03:20+00:00\" \/>\n<meta property=\"og:image\" content=\"http:\/\/boeselager-schule.de\/wp-content\/uploads\/2010\/10\/tuerkei2010a.jpg\" \/>\n<meta name=\"author\" content=\"Ralf Breuer\" \/>\n<meta name=\"twitter:card\" content=\"summary_large_image\" \/>\n<meta name=\"twitter:label1\" content=\"Verfasst von\" \/>\n\t<meta name=\"twitter:data1\" content=\"Ralf Breuer\" \/>\n\t<meta name=\"twitter:label2\" content=\"Gesch\u00e4tzte Lesezeit\" \/>\n\t<meta name=\"twitter:data2\" content=\"1\u00a0Minute\" \/>\n<script type=\"application\/ld+json\" class=\"yoast-schema-graph\">{\"@context\":\"https:\\\/\\\/schema.org\",\"@graph\":[{\"@type\":\"Article\",\"@id\":\"https:\\\/\\\/boeselager-realschule.de\\\/?p=1179#article\",\"isPartOf\":{\"@id\":\"https:\\\/\\\/boeselager-realschule.de\\\/?p=1179\"},\"author\":{\"name\":\"Ralf Breuer\",\"@id\":\"https:\\\/\\\/boeselager-realschule.de\\\/#\\\/schema\\\/person\\\/5dee4af139bfcd761fb95ababfd1d028\"},\"headline\":\"Gr\u00fc\u00dfe aus der T\u00fcrkei\",\"datePublished\":\"2010-10-08T13:00:58+00:00\",\"dateModified\":\"2010-10-08T13:03:20+00:00\",\"mainEntityOfPage\":{\"@id\":\"https:\\\/\\\/boeselager-realschule.de\\\/?p=1179\"},\"wordCount\":158,\"publisher\":{\"@id\":\"https:\\\/\\\/boeselager-realschule.de\\\/#organization\"},\"image\":{\"@id\":\"https:\\\/\\\/boeselager-realschule.de\\\/?p=1179#primaryimage\"},\"thumbnailUrl\":\"http:\\\/\\\/boeselager-schule.de\\\/wp-content\\\/uploads\\\/2010\\\/10\\\/tuerkei2010a.jpg\",\"keywords\":[\"Austausch\",\"Izmir\",\"Sch\u00fcleraustausch\",\"T\u00fcrkei\",\"T\u00fcrkei AG\"],\"articleSection\":[\"Projekte\"],\"inLanguage\":\"de\"},{\"@type\":\"WebPage\",\"@id\":\"https:\\\/\\\/boeselager-realschule.de\\\/?p=1179\",\"url\":\"https:\\\/\\\/boeselager-realschule.de\\\/?p=1179\",\"name\":\"Gr\u00fc\u00dfe aus der T\u00fcrkei &#183; Philipp Freiherr von Boeselager Realschule plus Ahrweiler\",\"isPartOf\":{\"@id\":\"https:\\\/\\\/boeselager-realschule.de\\\/#website\"},\"primaryImageOfPage\":{\"@id\":\"https:\\\/\\\/boeselager-realschule.de\\\/?p=1179#primaryimage\"},\"image\":{\"@id\":\"https:\\\/\\\/boeselager-realschule.de\\\/?p=1179#primaryimage\"},\"thumbnailUrl\":\"http:\\\/\\\/boeselager-schule.de\\\/wp-content\\\/uploads\\\/2010\\\/10\\\/tuerkei2010a.jpg\",\"datePublished\":\"2010-10-08T13:00:58+00:00\",\"dateModified\":\"2010-10-08T13:03:20+00:00\",\"description\":\"Realschule plus, Ahrweiler, Boeselager Realschule, individuelle F\u00f6rderung, Wahlpflichtf\u00e4cher, internationale Partnerschaften, Arbeitsgemeinschaften, Bildung, Schulgemeinschaft\",\"breadcrumb\":{\"@id\":\"https:\\\/\\\/boeselager-realschule.de\\\/?p=1179#breadcrumb\"},\"inLanguage\":\"de\",\"potentialAction\":[{\"@type\":\"ReadAction\",\"target\":[\"https:\\\/\\\/boeselager-realschule.de\\\/?p=1179\"]}]},{\"@type\":\"ImageObject\",\"inLanguage\":\"de\",\"@id\":\"https:\\\/\\\/boeselager-realschule.de\\\/?p=1179#primaryimage\",\"url\":\"http:\\\/\\\/boeselager-schule.de\\\/wp-content\\\/uploads\\\/2010\\\/10\\\/tuerkei2010a.jpg\",\"contentUrl\":\"http:\\\/\\\/boeselager-schule.de\\\/wp-content\\\/uploads\\\/2010\\\/10\\\/tuerkei2010a.jpg\"},{\"@type\":\"BreadcrumbList\",\"@id\":\"https:\\\/\\\/boeselager-realschule.de\\\/?p=1179#breadcrumb\",\"itemListElement\":[{\"@type\":\"ListItem\",\"position\":1,\"name\":\"Startseite\",\"item\":\"https:\\\/\\\/boeselager-realschule.de\\\/\"},{\"@type\":\"ListItem\",\"position\":2,\"name\":\"Gr\u00fc\u00dfe aus der T\u00fcrkei\"}]},{\"@type\":\"WebSite\",\"@id\":\"https:\\\/\\\/boeselager-realschule.de\\\/#website\",\"url\":\"https:\\\/\\\/boeselager-realschule.de\\\/\",\"name\":\"Philipp Freiherr von Boeselager Realschule plus Ahrweiler\",\"description\":\"\",\"publisher\":{\"@id\":\"https:\\\/\\\/boeselager-realschule.de\\\/#organization\"},\"potentialAction\":[{\"@type\":\"SearchAction\",\"target\":{\"@type\":\"EntryPoint\",\"urlTemplate\":\"https:\\\/\\\/boeselager-realschule.de\\\/?s={search_term_string}\"},\"query-input\":{\"@type\":\"PropertyValueSpecification\",\"valueRequired\":true,\"valueName\":\"search_term_string\"}}],\"inLanguage\":\"de\"},{\"@type\":\"Organization\",\"@id\":\"https:\\\/\\\/boeselager-realschule.de\\\/#organization\",\"name\":\"Philipp Freiherr von Boeselager Realschule plus Ahrweiler\",\"url\":\"https:\\\/\\\/boeselager-realschule.de\\\/\",\"logo\":{\"@type\":\"ImageObject\",\"inLanguage\":\"de\",\"@id\":\"https:\\\/\\\/boeselager-realschule.de\\\/#\\\/schema\\\/logo\\\/image\\\/\",\"url\":\"https:\\\/\\\/boeselager-realschule.de\\\/wp-content\\\/uploads\\\/2025\\\/02\\\/logo_280-gif.gif\",\"contentUrl\":\"https:\\\/\\\/boeselager-realschule.de\\\/wp-content\\\/uploads\\\/2025\\\/02\\\/logo_280-gif.gif\",\"width\":280,\"height\":226,\"caption\":\"Philipp Freiherr von Boeselager Realschule plus Ahrweiler\"},\"image\":{\"@id\":\"https:\\\/\\\/boeselager-realschule.de\\\/#\\\/schema\\\/logo\\\/image\\\/\"},\"sameAs\":[\"https:\\\/\\\/www.facebook.com\\\/rsplus\"]},{\"@type\":\"Person\",\"@id\":\"https:\\\/\\\/boeselager-realschule.de\\\/#\\\/schema\\\/person\\\/5dee4af139bfcd761fb95ababfd1d028\",\"name\":\"Ralf Breuer\",\"sameAs\":[\"http:\\\/\\\/www.breuer-info.de\"],\"url\":\"https:\\\/\\\/boeselager-realschule.de\\\/?author=5\"}]}<\/script>\n<!-- \/ Yoast SEO plugin. -->","yoast_head_json":{"title":"Gr\u00fc\u00dfe aus der T\u00fcrkei &#183; Philipp Freiherr von Boeselager Realschule plus Ahrweiler","description":"Realschule plus, Ahrweiler, Boeselager Realschule, individuelle F\u00f6rderung, Wahlpflichtf\u00e4cher, internationale Partnerschaften, Arbeitsgemeinschaften, Bildung, Schulgemeinschaft","robots":{"index":"index","follow":"follow","max-snippet":"max-snippet:-1","max-image-preview":"max-image-preview:large","max-video-preview":"max-video-preview:-1"},"canonical":"https:\/\/boeselager-realschule.de\/?p=1179","og_locale":"de_DE","og_type":"article","og_title":"Gr\u00fc\u00dfe aus der T\u00fcrkei &#183; Philipp Freiherr von Boeselager Realschule plus Ahrweiler","og_description":"Realschule plus, Ahrweiler, Boeselager Realschule, individuelle F\u00f6rderung, Wahlpflichtf\u00e4cher, internationale Partnerschaften, Arbeitsgemeinschaften, Bildung, Schulgemeinschaft","og_url":"https:\/\/boeselager-realschule.de\/?p=1179","og_site_name":"Philipp Freiherr von Boeselager Realschule plus Ahrweiler","article_publisher":"https:\/\/www.facebook.com\/rsplus","article_published_time":"2010-10-08T13:00:58+00:00","article_modified_time":"2010-10-08T13:03:20+00:00","og_image":[{"url":"http:\/\/boeselager-schule.de\/wp-content\/uploads\/2010\/10\/tuerkei2010a.jpg","type":"","width":"","height":""}],"author":"Ralf Breuer","twitter_card":"summary_large_image","twitter_misc":{"Verfasst von":"Ralf Breuer","Gesch\u00e4tzte Lesezeit":"1\u00a0Minute"},"schema":{"@context":"https:\/\/schema.org","@graph":[{"@type":"Article","@id":"https:\/\/boeselager-realschule.de\/?p=1179#article","isPartOf":{"@id":"https:\/\/boeselager-realschule.de\/?p=1179"},"author":{"name":"Ralf Breuer","@id":"https:\/\/boeselager-realschule.de\/#\/schema\/person\/5dee4af139bfcd761fb95ababfd1d028"},"headline":"Gr\u00fc\u00dfe aus der T\u00fcrkei","datePublished":"2010-10-08T13:00:58+00:00","dateModified":"2010-10-08T13:03:20+00:00","mainEntityOfPage":{"@id":"https:\/\/boeselager-realschule.de\/?p=1179"},"wordCount":158,"publisher":{"@id":"https:\/\/boeselager-realschule.de\/#organization"},"image":{"@id":"https:\/\/boeselager-realschule.de\/?p=1179#primaryimage"},"thumbnailUrl":"http:\/\/boeselager-schule.de\/wp-content\/uploads\/2010\/10\/tuerkei2010a.jpg","keywords":["Austausch","Izmir","Sch\u00fcleraustausch","T\u00fcrkei","T\u00fcrkei AG"],"articleSection":["Projekte"],"inLanguage":"de"},{"@type":"WebPage","@id":"https:\/\/boeselager-realschule.de\/?p=1179","url":"https:\/\/boeselager-realschule.de\/?p=1179","name":"Gr\u00fc\u00dfe aus der T\u00fcrkei &#183; Philipp Freiherr von Boeselager Realschule plus Ahrweiler","isPartOf":{"@id":"https:\/\/boeselager-realschule.de\/#website"},"primaryImageOfPage":{"@id":"https:\/\/boeselager-realschule.de\/?p=1179#primaryimage"},"image":{"@id":"https:\/\/boeselager-realschule.de\/?p=1179#primaryimage"},"thumbnailUrl":"http:\/\/boeselager-schule.de\/wp-content\/uploads\/2010\/10\/tuerkei2010a.jpg","datePublished":"2010-10-08T13:00:58+00:00","dateModified":"2010-10-08T13:03:20+00:00","description":"Realschule plus, Ahrweiler, Boeselager Realschule, individuelle F\u00f6rderung, Wahlpflichtf\u00e4cher, internationale Partnerschaften, Arbeitsgemeinschaften, Bildung, Schulgemeinschaft","breadcrumb":{"@id":"https:\/\/boeselager-realschule.de\/?p=1179#breadcrumb"},"inLanguage":"de","potentialAction":[{"@type":"ReadAction","target":["https:\/\/boeselager-realschule.de\/?p=1179"]}]},{"@type":"ImageObject","inLanguage":"de","@id":"https:\/\/boeselager-realschule.de\/?p=1179#primaryimage","url":"http:\/\/boeselager-schule.de\/wp-content\/uploads\/2010\/10\/tuerkei2010a.jpg","contentUrl":"http:\/\/boeselager-schule.de\/wp-content\/uploads\/2010\/10\/tuerkei2010a.jpg"},{"@type":"BreadcrumbList","@id":"https:\/\/boeselager-realschule.de\/?p=1179#breadcrumb","itemListElement":[{"@type":"ListItem","position":1,"name":"Startseite","item":"https:\/\/boeselager-realschule.de\/"},{"@type":"ListItem","position":2,"name":"Gr\u00fc\u00dfe aus der T\u00fcrkei"}]},{"@type":"WebSite","@id":"https:\/\/boeselager-realschule.de\/#website","url":"https:\/\/boeselager-realschule.de\/","name":"Philipp Freiherr von Boeselager Realschule plus Ahrweiler","description":"","publisher":{"@id":"https:\/\/boeselager-realschule.de\/#organization"},"potentialAction":[{"@type":"SearchAction","target":{"@type":"EntryPoint","urlTemplate":"https:\/\/boeselager-realschule.de\/?s={search_term_string}"},"query-input":{"@type":"PropertyValueSpecification","valueRequired":true,"valueName":"search_term_string"}}],"inLanguage":"de"},{"@type":"Organization","@id":"https:\/\/boeselager-realschule.de\/#organization","name":"Philipp Freiherr von Boeselager Realschule plus Ahrweiler","url":"https:\/\/boeselager-realschule.de\/","logo":{"@type":"ImageObject","inLanguage":"de","@id":"https:\/\/boeselager-realschule.de\/#\/schema\/logo\/image\/","url":"https:\/\/boeselager-realschule.de\/wp-content\/uploads\/2025\/02\/logo_280-gif.gif","contentUrl":"https:\/\/boeselager-realschule.de\/wp-content\/uploads\/2025\/02\/logo_280-gif.gif","width":280,"height":226,"caption":"Philipp Freiherr von Boeselager Realschule plus Ahrweiler"},"image":{"@id":"https:\/\/boeselager-realschule.de\/#\/schema\/logo\/image\/"},"sameAs":["https:\/\/www.facebook.com\/rsplus"]},{"@type":"Person","@id":"https:\/\/boeselager-realschule.de\/#\/schema\/person\/5dee4af139bfcd761fb95ababfd1d028","name":"Ralf Breuer","sameAs":["http:\/\/www.breuer-info.de"],"url":"https:\/\/boeselager-realschule.de\/?author=5"}]}},"_links":{"self":[{"href":"https:\/\/boeselager-realschule.de\/index.php?rest_route=\/wp\/v2\/posts\/1179","targetHints":{"allow":["GET"]}}],"collection":[{"href":"https:\/\/boeselager-realschule.de\/index.php?rest_route=\/wp\/v2\/posts"}],"about":[{"href":"https:\/\/boeselager-realschule.de\/index.php?rest_route=\/wp\/v2\/types\/post"}],"author":[{"embeddable":true,"href":"https:\/\/boeselager-realschule.de\/index.php?rest_route=\/wp\/v2\/users\/5"}],"replies":[{"embeddable":true,"href":"https:\/\/boeselager-realschule.de\/index.php?rest_route=%2Fwp%2Fv2%2Fcomments&post=1179"}],"version-history":[{"count":0,"href":"https:\/\/boeselager-realschule.de\/index.php?rest_route=\/wp\/v2\/posts\/1179\/revisions"}],"wp:attachment":[{"href":"https:\/\/boeselager-realschule.de\/index.php?rest_route=%2Fwp%2Fv2%2Fmedia&parent=1179"}],"wp:term":[{"taxonomy":"category","embeddable":true,"href":"https:\/\/boeselager-realschule.de\/index.php?rest_route=%2Fwp%2Fv2%2Fcategories&post=1179"},{"taxonomy":"post_tag","embeddable":true,"href":"https:\/\/boeselager-realschule.de\/index.php?rest_route=%2Fwp%2Fv2%2Ftags&post=1179"}],"curies":[{"name":"wp","href":"https:\/\/api.w.org\/{rel}","templated":true}]}}