{"id":11427,"date":"2023-07-16T23:23:58","date_gmt":"2023-07-16T21:23:58","guid":{"rendered":"https:\/\/boeselager-realschule.de\/?p=11427"},"modified":"2023-08-20T15:47:26","modified_gmt":"2023-08-20T13:47:26","slug":"boeselager-absolventen-wollen-hoch-hinaus","status":"publish","type":"post","link":"https:\/\/boeselager-realschule.de\/?p=11427","title":{"rendered":"Boeselager-Absolventen wollen &#8220;hoch hinaus&#8221;"},"content":{"rendered":"<div id=\"attachment_11409\" style=\"width: 565px\" class=\"wp-caption aligncenter\"><a href=\"https:\/\/boeselager-realschule.de\/wp-content\/uploads\/2023\/07\/01-Abschluss-23-Abschlussfoto-scaled-e1689539527779.jpg\" target=\"_blank\" rel=\"noopener\"><img loading=\"lazy\" decoding=\"async\" aria-describedby=\"caption-attachment-11409\" class=\"wp-image-11409\" src=\"https:\/\/boeselager-realschule.de\/wp-content\/uploads\/2023\/07\/01-Abschluss-23-Abschlussfoto-scaled-e1689539527779-1024x317.jpg\" alt=\"Die 107 Abg\u00e4nger der Abschlussklassen der Philipp Freiherr von Boeselager Realschule plus Ahrweiler\" width=\"555\" height=\"172\" srcset=\"https:\/\/boeselager-realschule.de\/wp-content\/uploads\/2023\/07\/01-Abschluss-23-Abschlussfoto-scaled-e1689539527779-1024x317.jpg 1024w, https:\/\/boeselager-realschule.de\/wp-content\/uploads\/2023\/07\/01-Abschluss-23-Abschlussfoto-scaled-e1689539527779-300x93.jpg 300w, https:\/\/boeselager-realschule.de\/wp-content\/uploads\/2023\/07\/01-Abschluss-23-Abschlussfoto-scaled-e1689539527779-768x238.jpg 768w, https:\/\/boeselager-realschule.de\/wp-content\/uploads\/2023\/07\/01-Abschluss-23-Abschlussfoto-scaled-e1689539527779-1536x476.jpg 1536w, https:\/\/boeselager-realschule.de\/wp-content\/uploads\/2023\/07\/01-Abschluss-23-Abschlussfoto-scaled-e1689539527779-2048x634.jpg 2048w\" sizes=\"auto, (max-width: 555px) 100vw, 555px\" \/><\/a><p id=\"caption-attachment-11409\" class=\"wp-caption-text\">Die ca.&nbsp; 100 Abg\u00e4nger der Abschlussklassen der Philipp Freiherr von Boeselager Realschule plus Ahrweiler<\/p><\/div>\n<p>Am Freitag, 14. Juli 2023, verabschiedeten Schulleiter Timo Lichtenth\u00e4ler und die f\u00fcnf Klassenleiter \u00d6zlem M\u00fcller (9d), Martina Kelm (9e), Doro H\u00f6lters (10a), Esther Leinesser (10b) und Peter Roth die ca. 100 Abg\u00e4nger der Abschlussklassen der Philipp Freiherr von Boeselager Realschule plus Ahrweiler.<\/p>\n<p>In der offiziellen Abschlussfeier, die aufgrund der Flut nicht wie gewohnt in der Sporthalle, sondern wie schon 2022 in der Landskroner Festhalle in Heimersheim stattfand und die durch die Sch\u00fcler Milan Becker (10b) und Leonie Orth (10c) charmant moderiert wurde, konnte der Schulleiter Timo Lichtenth\u00e4ler 100 Sch\u00fclerinnen und Sch\u00fclern das begehrte Abschlusszeugnis mit dem Qualifizierten Sekundarabschluss I bzw. mit der Qualifikation der Berufsreife \u00fcberreichen.<\/p>\n<div id=\"attachment_11412\" style=\"width: 565px\" class=\"wp-caption aligncenter\"><img loading=\"lazy\" decoding=\"async\" aria-describedby=\"caption-attachment-11412\" class=\"wp-image-11412\" src=\"https:\/\/boeselager-realschule.de\/wp-content\/uploads\/2023\/07\/04-Abschluss-23-Rede-Schullleiter-1024x681.jpg\" alt=\"Schulleiter Timo Lichtenth\u00e4ler bei seinen Abschiedsworten an die Absolventen\" width=\"555\" height=\"369\" srcset=\"https:\/\/boeselager-realschule.de\/wp-content\/uploads\/2023\/07\/04-Abschluss-23-Rede-Schullleiter-1024x681.jpg 1024w, https:\/\/boeselager-realschule.de\/wp-content\/uploads\/2023\/07\/04-Abschluss-23-Rede-Schullleiter-300x200.jpg 300w, https:\/\/boeselager-realschule.de\/wp-content\/uploads\/2023\/07\/04-Abschluss-23-Rede-Schullleiter-768x511.jpg 768w, https:\/\/boeselager-realschule.de\/wp-content\/uploads\/2023\/07\/04-Abschluss-23-Rede-Schullleiter-1536x1022.jpg 1536w, https:\/\/boeselager-realschule.de\/wp-content\/uploads\/2023\/07\/04-Abschluss-23-Rede-Schullleiter-2048x1362.jpg 2048w\" sizes=\"auto, (max-width: 555px) 100vw, 555px\" \/><p id=\"caption-attachment-11412\" class=\"wp-caption-text\">Schulleiter Timo Lichtenth\u00e4ler bei seinen Abschiedsworten an die Absolventen<\/p><\/div>\n<p>Schulleiter Timo Lichtenth\u00e4ler hielt eine bewegende Rede zum Schulabschluss und betonte, dass der heutige Tag ein besonderer Meilenstein im Leben der Abschlusssch\u00fclerinnen und -sch\u00fcler sei. Er erinnerte sie daran, dass sie in den letzten Jahren gro\u00dfe Herausforderungen bew\u00e4ltigt haben, darunter die Pandemie und die Flutkatastrophe, und dass sie stolz auf ihre Errungenschaften sein d\u00fcrfen. Das Motto des diesj\u00e4hrigen Abschlusses lautete &#8220;Hoch hinaus&#8221;, was symbolisierte, dass sie keine Grenzen haben und ihre Ziele erreichen k\u00f6nnen, wenn sie sich genug anstrengen und daran glauben.<\/p>\n<p>Lichtenth\u00e4ler ermutigte die Absolventinnen und Absolventen, ihre individuellen Erfolge anzuerkennen und auf ihre Errungenschaften stolz zu sein. Er betonte, dass die Abschlussfeier den Beginn eines neuen Kapitels in ihrem Leben markiere und sie nun bereit seien, die Welt zu erkunden, ihre Leidenschaften zu verfolgen und ihre Tr\u00e4ume zu verwirklichen. Er erinnerte sie daran, dass der Weg nach oben nicht einfach sei, aber sie bereits bewiesen h\u00e4tten, dass sie stark seien und Hindernisse \u00fcberwinden k\u00f6nnten.<\/p>\n<p>Der Schulleiter betonte auch die Bedeutung des gegenseitigen Respekts und der Akzeptanz der verschiedenen Wege zum Erfolg. Er zitierte ein indischen Sprichwort, das besagt, dass man den Weg eines anderen erst verstehen k\u00f6nne, wenn man in dessen Schuhen gelaufen sei. Er ermutigte die Absolventinnen und Absolventen, ihre eigene Reise &#8220;nach oben&#8221; im eigenen Tempo zu gehen und sich nicht von den Entscheidungen und Meinungen anderer abbringen zu lassen.<\/p>\n<p>Lichtenth\u00e4ler bedankte sich bei den Abschlusssch\u00fclerinnen und -sch\u00fclern f\u00fcr ihre netten Begegnungen und Gespr\u00e4che und lobte ihre L\u00f6sungsorientierung und wechselseitigen Respekt. Er dankte auch den Eltern f\u00fcr ihr Vertrauen und Engagement sowie den Lehrerinnen und Lehrern, insbesondere den Klassenleitungen, f\u00fcr ihre Unterst\u00fctzung und die Gestaltung des Schuljahres.<\/p>\n<p>Abschlie\u00dfend dr\u00fcckte der Schulleiter seinen Dank an alle aus, die an der Planung und Vorbereitung der Abschlussfeier beteiligt waren, und ermutigte die Absolventinnen und Absolventen, die Dinge aus einer anderen Perspektive zu betrachten sowie offen und kritisch zu bleiben.<\/p>\n<p>Insgesamt war die Rede von Timo Lichtenth\u00e4ler eine Ermutigung f\u00fcr die Abschlusssch\u00fclerinnen und -sch\u00fcler, stolz auf ihre Errungenschaften zu sein, ihren eigenen Weg zu gehen und ihre Ziele zu verfolgen, w\u00e4hrend sie den Menschen dankten, die sie auf ihrem Weg begleitet haben.<\/p>\n<div id=\"attachment_11411\" style=\"width: 565px\" class=\"wp-caption aligncenter\"><img loading=\"lazy\" decoding=\"async\" aria-describedby=\"caption-attachment-11411\" class=\"wp-image-11411\" src=\"https:\/\/boeselager-realschule.de\/wp-content\/uploads\/2023\/07\/03-Abschluss-23-Moderation-1024x681.jpg\" alt=\"F\u00fchrten gekonnt durch die Abschlussfeier: Milan Winter (10b) und Leonie Orth (10c)\" width=\"555\" height=\"369\" srcset=\"https:\/\/boeselager-realschule.de\/wp-content\/uploads\/2023\/07\/03-Abschluss-23-Moderation-1024x681.jpg 1024w, https:\/\/boeselager-realschule.de\/wp-content\/uploads\/2023\/07\/03-Abschluss-23-Moderation-300x200.jpg 300w, https:\/\/boeselager-realschule.de\/wp-content\/uploads\/2023\/07\/03-Abschluss-23-Moderation-768x511.jpg 768w, https:\/\/boeselager-realschule.de\/wp-content\/uploads\/2023\/07\/03-Abschluss-23-Moderation-1536x1022.jpg 1536w, https:\/\/boeselager-realschule.de\/wp-content\/uploads\/2023\/07\/03-Abschluss-23-Moderation-2048x1363.jpg 2048w\" sizes=\"auto, (max-width: 555px) 100vw, 555px\" \/><p id=\"caption-attachment-11411\" class=\"wp-caption-text\">F\u00fchrten gekonnt durch die Abschlussfeier: Milan Becker (10b) und Leonie Orth (10c)<\/p><\/div>\n<div id=\"attachment_11415\" style=\"width: 565px\" class=\"wp-caption aligncenter\"><img loading=\"lazy\" decoding=\"async\" aria-describedby=\"caption-attachment-11415\" class=\"wp-image-11415\" src=\"https:\/\/boeselager-realschule.de\/wp-content\/uploads\/2023\/07\/07-Abschluss-23-Rede-Schueler-1024x681.jpg\" alt=\"Hielten eine Rede im Namen der Abschlusssch\u00fclerinnen und -sch\u00fcler: Charmaine Rotert und Lara-Sophie Radermacher (beide 10a)\" width=\"555\" height=\"369\" srcset=\"https:\/\/boeselager-realschule.de\/wp-content\/uploads\/2023\/07\/07-Abschluss-23-Rede-Schueler-1024x681.jpg 1024w, https:\/\/boeselager-realschule.de\/wp-content\/uploads\/2023\/07\/07-Abschluss-23-Rede-Schueler-300x200.jpg 300w, https:\/\/boeselager-realschule.de\/wp-content\/uploads\/2023\/07\/07-Abschluss-23-Rede-Schueler-768x511.jpg 768w, https:\/\/boeselager-realschule.de\/wp-content\/uploads\/2023\/07\/07-Abschluss-23-Rede-Schueler-1536x1022.jpg 1536w, https:\/\/boeselager-realschule.de\/wp-content\/uploads\/2023\/07\/07-Abschluss-23-Rede-Schueler-2048x1363.jpg 2048w\" sizes=\"auto, (max-width: 555px) 100vw, 555px\" \/><p id=\"caption-attachment-11415\" class=\"wp-caption-text\">Hielten eine emotionale Rede im Namen der Abschlusssch\u00fclerinnen und -sch\u00fcler: Charmaine Rotert und Lara-Sophie Radermacher (beide 10a)<\/p><\/div>\n<div id=\"attachment_11416\" style=\"width: 565px\" class=\"wp-caption aligncenter\"><img loading=\"lazy\" decoding=\"async\" aria-describedby=\"caption-attachment-11416\" class=\"wp-image-11416\" src=\"https:\/\/boeselager-realschule.de\/wp-content\/uploads\/2023\/07\/08-Abschluss-23-Schuelersprecher-1024x681.jpg\" alt=\"Im Namen der Sch\u00fclervertretung ergriffen die beiden Sch\u00fclersprecher Kevin Rollh\u00e4user (10a) und Chris Donoghue (10c) das Wort und bedankten sich bei den Lehrern und der Schulleitung f\u00fcr die geleistete Unterst\u00fctzung w\u00e4hrend der Schulzeit und vor allem in diesem letzten schwierigen Schuljahr.\" width=\"555\" height=\"369\" srcset=\"https:\/\/boeselager-realschule.de\/wp-content\/uploads\/2023\/07\/08-Abschluss-23-Schuelersprecher-1024x681.jpg 1024w, https:\/\/boeselager-realschule.de\/wp-content\/uploads\/2023\/07\/08-Abschluss-23-Schuelersprecher-300x200.jpg 300w, https:\/\/boeselager-realschule.de\/wp-content\/uploads\/2023\/07\/08-Abschluss-23-Schuelersprecher-768x511.jpg 768w, https:\/\/boeselager-realschule.de\/wp-content\/uploads\/2023\/07\/08-Abschluss-23-Schuelersprecher-1536x1022.jpg 1536w, https:\/\/boeselager-realschule.de\/wp-content\/uploads\/2023\/07\/08-Abschluss-23-Schuelersprecher-2048x1363.jpg 2048w\" sizes=\"auto, (max-width: 555px) 100vw, 555px\" \/><p id=\"caption-attachment-11416\" class=\"wp-caption-text\">Im Namen der Sch\u00fclervertretung ergriffen die beiden Sch\u00fclersprecher Kevin Rollh\u00e4user (10a) und Chris Donoghue (10c) das Wort und bedankten sich bei den Lehrern und der Schulleitung f\u00fcr die geleistete Unterst\u00fctzung w\u00e4hrend der Schulzeit und vor allem in diesem letzten schwierigen Schuljahr.<\/p><\/div>\n<div id=\"attachment_11418\" style=\"width: 565px\" class=\"wp-caption aligncenter\"><img loading=\"lazy\" decoding=\"async\" aria-describedby=\"caption-attachment-11418\" class=\"wp-image-11418\" src=\"https:\/\/boeselager-realschule.de\/wp-content\/uploads\/2023\/07\/10-Abschluss-23-Klasse-9d-1024x681.jpg\" alt=\"Klasse 9d\" width=\"555\" height=\"369\" srcset=\"https:\/\/boeselager-realschule.de\/wp-content\/uploads\/2023\/07\/10-Abschluss-23-Klasse-9d-1024x681.jpg 1024w, https:\/\/boeselager-realschule.de\/wp-content\/uploads\/2023\/07\/10-Abschluss-23-Klasse-9d-300x200.jpg 300w, https:\/\/boeselager-realschule.de\/wp-content\/uploads\/2023\/07\/10-Abschluss-23-Klasse-9d-768x511.jpg 768w, https:\/\/boeselager-realschule.de\/wp-content\/uploads\/2023\/07\/10-Abschluss-23-Klasse-9d-1536x1022.jpg 1536w, https:\/\/boeselager-realschule.de\/wp-content\/uploads\/2023\/07\/10-Abschluss-23-Klasse-9d-2048x1363.jpg 2048w\" sizes=\"auto, (max-width: 555px) 100vw, 555px\" \/><p id=\"caption-attachment-11418\" class=\"wp-caption-text\">Klasse 9d<\/p><\/div>\n<div id=\"attachment_11419\" style=\"width: 565px\" class=\"wp-caption aligncenter\"><a href=\"https:\/\/boeselager-realschule.de\/wp-content\/uploads\/2023\/07\/11-Abschluss-23-Klasse-9e-scaled.jpg\" target=\"_blank\" rel=\"noopener\"><img loading=\"lazy\" decoding=\"async\" aria-describedby=\"caption-attachment-11419\" class=\"wp-image-11419\" src=\"https:\/\/boeselager-realschule.de\/wp-content\/uploads\/2023\/07\/11-Abschluss-23-Klasse-9e-1024x681.jpg\" alt=\"Klasse 9e\" width=\"555\" height=\"369\" srcset=\"https:\/\/boeselager-realschule.de\/wp-content\/uploads\/2023\/07\/11-Abschluss-23-Klasse-9e-1024x681.jpg 1024w, https:\/\/boeselager-realschule.de\/wp-content\/uploads\/2023\/07\/11-Abschluss-23-Klasse-9e-300x200.jpg 300w, https:\/\/boeselager-realschule.de\/wp-content\/uploads\/2023\/07\/11-Abschluss-23-Klasse-9e-768x511.jpg 768w, https:\/\/boeselager-realschule.de\/wp-content\/uploads\/2023\/07\/11-Abschluss-23-Klasse-9e-1536x1022.jpg 1536w, https:\/\/boeselager-realschule.de\/wp-content\/uploads\/2023\/07\/11-Abschluss-23-Klasse-9e-2048x1363.jpg 2048w\" sizes=\"auto, (max-width: 555px) 100vw, 555px\" \/><\/a><p id=\"caption-attachment-11419\" class=\"wp-caption-text\">Klasse 9e<\/p><\/div>\n<div id=\"attachment_11420\" style=\"width: 565px\" class=\"wp-caption aligncenter\"><a href=\"https:\/\/boeselager-realschule.de\/wp-content\/uploads\/2023\/07\/12-Abschluss-23-Klasse-10a-scaled.jpg\" target=\"_blank\" rel=\"noopener\"><img loading=\"lazy\" decoding=\"async\" aria-describedby=\"caption-attachment-11420\" class=\"wp-image-11420\" src=\"https:\/\/boeselager-realschule.de\/wp-content\/uploads\/2023\/07\/12-Abschluss-23-Klasse-10a-1024x681.jpg\" alt=\"Klasse 10a\" width=\"555\" height=\"369\" srcset=\"https:\/\/boeselager-realschule.de\/wp-content\/uploads\/2023\/07\/12-Abschluss-23-Klasse-10a-1024x681.jpg 1024w, https:\/\/boeselager-realschule.de\/wp-content\/uploads\/2023\/07\/12-Abschluss-23-Klasse-10a-300x200.jpg 300w, https:\/\/boeselager-realschule.de\/wp-content\/uploads\/2023\/07\/12-Abschluss-23-Klasse-10a-768x511.jpg 768w, https:\/\/boeselager-realschule.de\/wp-content\/uploads\/2023\/07\/12-Abschluss-23-Klasse-10a-1536x1022.jpg 1536w, https:\/\/boeselager-realschule.de\/wp-content\/uploads\/2023\/07\/12-Abschluss-23-Klasse-10a-2048x1363.jpg 2048w\" sizes=\"auto, (max-width: 555px) 100vw, 555px\" \/><\/a><p id=\"caption-attachment-11420\" class=\"wp-caption-text\">Klasse 10a<\/p><\/div>\n<div id=\"attachment_11421\" style=\"width: 565px\" class=\"wp-caption aligncenter\"><a href=\"https:\/\/boeselager-realschule.de\/wp-content\/uploads\/2023\/07\/13-Abschluss-23-Klase-10b-scaled.jpg\" target=\"_blank\" rel=\"noopener\"><img loading=\"lazy\" decoding=\"async\" aria-describedby=\"caption-attachment-11421\" class=\"wp-image-11421\" src=\"https:\/\/boeselager-realschule.de\/wp-content\/uploads\/2023\/07\/13-Abschluss-23-Klase-10b-1024x681.jpg\" alt=\"Klasse 10b\" width=\"555\" height=\"369\" srcset=\"https:\/\/boeselager-realschule.de\/wp-content\/uploads\/2023\/07\/13-Abschluss-23-Klase-10b-1024x681.jpg 1024w, https:\/\/boeselager-realschule.de\/wp-content\/uploads\/2023\/07\/13-Abschluss-23-Klase-10b-300x200.jpg 300w, https:\/\/boeselager-realschule.de\/wp-content\/uploads\/2023\/07\/13-Abschluss-23-Klase-10b-768x511.jpg 768w, https:\/\/boeselager-realschule.de\/wp-content\/uploads\/2023\/07\/13-Abschluss-23-Klase-10b-1536x1022.jpg 1536w, https:\/\/boeselager-realschule.de\/wp-content\/uploads\/2023\/07\/13-Abschluss-23-Klase-10b-2048x1363.jpg 2048w\" sizes=\"auto, (max-width: 555px) 100vw, 555px\" \/><\/a><p id=\"caption-attachment-11421\" class=\"wp-caption-text\">Klasse 10b<\/p><\/div>\n<div id=\"attachment_11422\" style=\"width: 565px\" class=\"wp-caption aligncenter\"><a href=\"https:\/\/boeselager-realschule.de\/wp-content\/uploads\/2023\/07\/14-Abschluss-23-Klasse-10c-scaled.jpg\" target=\"_blank\" rel=\"noopener\"><img loading=\"lazy\" decoding=\"async\" aria-describedby=\"caption-attachment-11422\" class=\"wp-image-11422\" src=\"https:\/\/boeselager-realschule.de\/wp-content\/uploads\/2023\/07\/14-Abschluss-23-Klasse-10c-1024x681.jpg\" alt=\"Klasse 10c\" width=\"555\" height=\"369\" srcset=\"https:\/\/boeselager-realschule.de\/wp-content\/uploads\/2023\/07\/14-Abschluss-23-Klasse-10c-1024x681.jpg 1024w, https:\/\/boeselager-realschule.de\/wp-content\/uploads\/2023\/07\/14-Abschluss-23-Klasse-10c-300x200.jpg 300w, https:\/\/boeselager-realschule.de\/wp-content\/uploads\/2023\/07\/14-Abschluss-23-Klasse-10c-768x511.jpg 768w, https:\/\/boeselager-realschule.de\/wp-content\/uploads\/2023\/07\/14-Abschluss-23-Klasse-10c-1536x1022.jpg 1536w, https:\/\/boeselager-realschule.de\/wp-content\/uploads\/2023\/07\/14-Abschluss-23-Klasse-10c-2048x1363.jpg 2048w\" sizes=\"auto, (max-width: 555px) 100vw, 555px\" \/><\/a><p id=\"caption-attachment-11422\" class=\"wp-caption-text\">Klasse 10c<\/p><\/div>\n<p>Als H\u00f6hepunkt der Abschlussfeier gab&#8217;s dann endlich die begehrten Zeugnisse und als besondere Auszeichnung erhielten die Klassenbesten je einen Buchgutschein durch die Vorsitzende des F\u00f6rdervereins, Claudia Kreuser.&nbsp;<\/p>\n<div id=\"attachment_11425\" style=\"width: 565px\" class=\"wp-caption aligncenter\"><img loading=\"lazy\" decoding=\"async\" aria-describedby=\"caption-attachment-11425\" class=\"wp-image-11425\" src=\"https:\/\/boeselager-realschule.de\/wp-content\/uploads\/2023\/07\/17-Abschluss-23-Notenbeste-Auszeichn-1024x681.jpg\" alt=\"Timo Lichtenth\u00e4ler und die Vorsitzende des F\u00f6rdervereins der Boeselager-Realschule Ahrweiler, Claudia Kreuser, mit den besten Absolventen 2023 Mareike Hilberath (9d), Benicio Cubilla (9e), Natalie Neufeld (10a), Marisa Kelter (10b) und Duc Nguyen (10c) sowie den beiden Sch\u00fclersprechern Kevin Rollh\u00e4user (10a) und Chris Donoghue (10c)\" width=\"555\" height=\"369\" srcset=\"https:\/\/boeselager-realschule.de\/wp-content\/uploads\/2023\/07\/17-Abschluss-23-Notenbeste-Auszeichn-1024x681.jpg 1024w, https:\/\/boeselager-realschule.de\/wp-content\/uploads\/2023\/07\/17-Abschluss-23-Notenbeste-Auszeichn-300x200.jpg 300w, https:\/\/boeselager-realschule.de\/wp-content\/uploads\/2023\/07\/17-Abschluss-23-Notenbeste-Auszeichn-768x511.jpg 768w, https:\/\/boeselager-realschule.de\/wp-content\/uploads\/2023\/07\/17-Abschluss-23-Notenbeste-Auszeichn-1536x1022.jpg 1536w, https:\/\/boeselager-realschule.de\/wp-content\/uploads\/2023\/07\/17-Abschluss-23-Notenbeste-Auszeichn-2048x1363.jpg 2048w\" sizes=\"auto, (max-width: 555px) 100vw, 555px\" \/><p id=\"caption-attachment-11425\" class=\"wp-caption-text\">Timo Lichtenth\u00e4ler und die Vorsitzende des F\u00f6rdervereins der Boeselager-Realschule Ahrweiler, Claudia Kreuser, mit den besten Absolventen 2023 Mareike Hilberath (9d), Benicio Cubilla (9e), Natalie Neufeld (10a), Marisa Kelter (10b) und Duc Nguyen (10c) sowie den beiden Sch\u00fclersprechern Kevin Rollh\u00e4user (10a) und Chris Donoghue (10c)<\/p><\/div>\n<div id=\"attachment_11417\" style=\"width: 565px\" class=\"wp-caption aligncenter\"><img loading=\"lazy\" decoding=\"async\" aria-describedby=\"caption-attachment-11417\" class=\"wp-image-11417\" src=\"https:\/\/boeselager-realschule.de\/wp-content\/uploads\/2023\/07\/09-Abschluss-23-Schuelersprecher-1024x681.jpg\" alt=\"F\u00fcr ihr gro\u00dfes Engagement in der Schule und ihre vorbildliche Haltung gegen\u00fcber der Schulgemeinschaft wurden Kevin Rollh\u00e4user (10a) und Chris Donoghue (10c) mit der Urkunde der Ministerin f\u00fcr Bildung des Landes Rheinland-Pfalz, Stefanie Hubig, ausgezeichnet.\" width=\"555\" height=\"369\" srcset=\"https:\/\/boeselager-realschule.de\/wp-content\/uploads\/2023\/07\/09-Abschluss-23-Schuelersprecher-1024x681.jpg 1024w, https:\/\/boeselager-realschule.de\/wp-content\/uploads\/2023\/07\/09-Abschluss-23-Schuelersprecher-300x200.jpg 300w, https:\/\/boeselager-realschule.de\/wp-content\/uploads\/2023\/07\/09-Abschluss-23-Schuelersprecher-768x511.jpg 768w, https:\/\/boeselager-realschule.de\/wp-content\/uploads\/2023\/07\/09-Abschluss-23-Schuelersprecher-1536x1022.jpg 1536w, https:\/\/boeselager-realschule.de\/wp-content\/uploads\/2023\/07\/09-Abschluss-23-Schuelersprecher-2048x1363.jpg 2048w\" sizes=\"auto, (max-width: 555px) 100vw, 555px\" \/><p id=\"caption-attachment-11417\" class=\"wp-caption-text\">F\u00fcr ihr gro\u00dfes Engagement in der Schule und ihre vorbildliche Haltung gegen\u00fcber der Schulgemeinschaft wurden Kevin Rollh\u00e4user (10a) und Chris Donoghue (10c) mit der Urkunde der Ministerin f\u00fcr Bildung des Landes Rheinland-Pfalz, Stefanie Hubig, ausgezeichnet.<\/p><\/div>\n<div id=\"attachment_11414\" style=\"width: 565px\" class=\"wp-caption aligncenter\"><img loading=\"lazy\" decoding=\"async\" aria-describedby=\"caption-attachment-11414\" class=\"wp-image-11414\" src=\"https:\/\/boeselager-realschule.de\/wp-content\/uploads\/2023\/07\/06-Abschluss-23-Musikbeitrag-1024x681.jpg\" alt=\"Arsham Hoseiny (10b) am Keyboard\" width=\"555\" height=\"369\" srcset=\"https:\/\/boeselager-realschule.de\/wp-content\/uploads\/2023\/07\/06-Abschluss-23-Musikbeitrag-1024x681.jpg 1024w, https:\/\/boeselager-realschule.de\/wp-content\/uploads\/2023\/07\/06-Abschluss-23-Musikbeitrag-300x200.jpg 300w, https:\/\/boeselager-realschule.de\/wp-content\/uploads\/2023\/07\/06-Abschluss-23-Musikbeitrag-768x511.jpg 768w, https:\/\/boeselager-realschule.de\/wp-content\/uploads\/2023\/07\/06-Abschluss-23-Musikbeitrag-1536x1022.jpg 1536w, https:\/\/boeselager-realschule.de\/wp-content\/uploads\/2023\/07\/06-Abschluss-23-Musikbeitrag-2048x1363.jpg 2048w\" sizes=\"auto, (max-width: 555px) 100vw, 555px\" \/><p id=\"caption-attachment-11414\" class=\"wp-caption-text\">Arsham Hoseiny (10b) am Keyboard<\/p><\/div>\n<p style=\"text-align: left;\">Musikalisch umrahmt wurde die Zeugnisverleihung durch Arsham Hoseiny (10b) am Keyboard und einen Gesangsbeitrag von Marlon Obam-Obam, der bereits im letzten Schuljahr als Abschlusssch\u00fcler einen Auftritt hatte. F\u00fcr die Technik verantwortlich waren Dr. R\u00fcdiger Becker und Ralf Breuer.<\/p>\n<div id=\"attachment_11426\" style=\"width: 379px\" class=\"wp-caption aligncenter\"><img loading=\"lazy\" decoding=\"async\" aria-describedby=\"caption-attachment-11426\" class=\"wp-image-11426\" src=\"https:\/\/boeselager-realschule.de\/wp-content\/uploads\/2023\/07\/18-Abschluss-23-Musikbeitrag-681x1024.jpg\" alt=\"Marlon Obam-Obam bei seinem Gesangsauftritt\" width=\"369\" height=\"555\" srcset=\"https:\/\/boeselager-realschule.de\/wp-content\/uploads\/2023\/07\/18-Abschluss-23-Musikbeitrag-681x1024.jpg 681w, https:\/\/boeselager-realschule.de\/wp-content\/uploads\/2023\/07\/18-Abschluss-23-Musikbeitrag-200x300.jpg 200w, https:\/\/boeselager-realschule.de\/wp-content\/uploads\/2023\/07\/18-Abschluss-23-Musikbeitrag-768x1154.jpg 768w, https:\/\/boeselager-realschule.de\/wp-content\/uploads\/2023\/07\/18-Abschluss-23-Musikbeitrag-1022x1536.jpg 1022w, https:\/\/boeselager-realschule.de\/wp-content\/uploads\/2023\/07\/18-Abschluss-23-Musikbeitrag-1363x2048.jpg 1363w, https:\/\/boeselager-realschule.de\/wp-content\/uploads\/2023\/07\/18-Abschluss-23-Musikbeitrag-scaled.jpg 1703w\" sizes=\"auto, (max-width: 369px) 100vw, 369px\" \/><p id=\"caption-attachment-11426\" class=\"wp-caption-text\">Marlon Obam-Obam bei seinem Gesangsauftritt<\/p><\/div>\n<p style=\"text-align: left;\">Die Abschlussklassen luden im Anschluss an die Feier zu einem Sektempfang ein. Die Durchf\u00fchrung dieser Abschlussfeier in der Landskroner Festhalle wurde durch den F\u00f6rderverein der Boeselager-Realschule Ahrweiler erm\u00f6glicht.<\/p>\n<p style=\"text-align: right;\"><em><br \/>\nText: Ralf Breuer&nbsp; &amp; Fotos: Johannes Morschhausen<\/em><\/p>\n","protected":false},"excerpt":{"rendered":"<p>Am Freitag, 14. Juli 2023, verabschiedeten Schulleiter Timo Lichtenth\u00e4ler und die f\u00fcnf Klassenleiter \u00d6zlem M\u00fcller (9d), Martina Kelm (9e), Doro H\u00f6lters (10a), Esther Leinesser (10b) und Peter Roth die ca. 100 Abg\u00e4nger der Abschlussklassen der Philipp Freiherr von Boeselager Realschule plus Ahrweiler. In der offiziellen Abschlussfeier, die aufgrund der Flut nicht wie gewohnt in der [&hellip;]<\/p>\n","protected":false},"author":5,"featured_media":0,"comment_status":"closed","ping_status":"open","sticky":false,"template":"","format":"standard","meta":{"ngg_post_thumbnail":0,"footnotes":""},"categories":[52],"tags":[526,891],"class_list":["post-11427","post","type-post","status-publish","format-standard","hentry","category-abschluss","tag-abschluss","tag-hoch-hinaus"],"yoast_head":"<!-- This site is optimized with the Yoast SEO plugin v28.3 - https:\/\/yoast.com\/product\/yoast-seo-wordpress\/ -->\n<title>Boeselager-Absolventen wollen &quot;hoch hinaus&quot; &#183; Philipp Freiherr von Boeselager Realschule plus Ahrweiler<\/title>\n<meta name=\"description\" content=\"Realschule plus, Ahrweiler, Boeselager Realschule, individuelle F\u00f6rderung, Wahlpflichtf\u00e4cher, internationale Partnerschaften, Arbeitsgemeinschaften, Bildung, Schulgemeinschaft\" \/>\n<meta name=\"robots\" content=\"index, follow, max-snippet:-1, max-image-preview:large, max-video-preview:-1\" \/>\n<link rel=\"canonical\" href=\"https:\/\/boeselager-realschule.de\/?p=11427\" \/>\n<meta property=\"og:locale\" content=\"de_DE\" \/>\n<meta property=\"og:type\" content=\"article\" \/>\n<meta property=\"og:title\" content=\"Boeselager-Absolventen wollen &quot;hoch hinaus&quot; &#183; Philipp Freiherr von Boeselager Realschule plus Ahrweiler\" \/>\n<meta property=\"og:description\" content=\"Realschule plus, Ahrweiler, Boeselager Realschule, individuelle F\u00f6rderung, Wahlpflichtf\u00e4cher, internationale Partnerschaften, Arbeitsgemeinschaften, Bildung, Schulgemeinschaft\" \/>\n<meta property=\"og:url\" content=\"https:\/\/boeselager-realschule.de\/?p=11427\" \/>\n<meta property=\"og:site_name\" content=\"Philipp Freiherr von Boeselager Realschule plus Ahrweiler\" \/>\n<meta property=\"article:publisher\" content=\"https:\/\/www.facebook.com\/rsplus\" \/>\n<meta property=\"article:published_time\" content=\"2023-07-16T21:23:58+00:00\" \/>\n<meta property=\"article:modified_time\" content=\"2023-08-20T13:47:26+00:00\" \/>\n<meta property=\"og:image\" content=\"https:\/\/boeselager-realschule.de\/wp-content\/uploads\/2023\/07\/01-Abschluss-23-Abschlussfoto-scaled-e1689539527779-1024x317.jpg\" \/>\n<meta name=\"author\" content=\"Ralf Breuer\" \/>\n<meta name=\"twitter:card\" content=\"summary_large_image\" \/>\n<meta name=\"twitter:label1\" content=\"Verfasst von\" \/>\n\t<meta name=\"twitter:data1\" content=\"Ralf Breuer\" \/>\n\t<meta name=\"twitter:label2\" content=\"Gesch\u00e4tzte Lesezeit\" \/>\n\t<meta name=\"twitter:data2\" content=\"5\u00a0Minuten\" \/>\n<script type=\"application\/ld+json\" class=\"yoast-schema-graph\">{\"@context\":\"https:\\\/\\\/schema.org\",\"@graph\":[{\"@type\":\"Article\",\"@id\":\"https:\\\/\\\/boeselager-realschule.de\\\/?p=11427#article\",\"isPartOf\":{\"@id\":\"https:\\\/\\\/boeselager-realschule.de\\\/?p=11427\"},\"author\":{\"name\":\"Ralf Breuer\",\"@id\":\"https:\\\/\\\/boeselager-realschule.de\\\/#\\\/schema\\\/person\\\/5dee4af139bfcd761fb95ababfd1d028\"},\"headline\":\"Boeselager-Absolventen wollen &#8220;hoch hinaus&#8221;\",\"datePublished\":\"2023-07-16T21:23:58+00:00\",\"dateModified\":\"2023-08-20T13:47:26+00:00\",\"mainEntityOfPage\":{\"@id\":\"https:\\\/\\\/boeselager-realschule.de\\\/?p=11427\"},\"wordCount\":914,\"publisher\":{\"@id\":\"https:\\\/\\\/boeselager-realschule.de\\\/#organization\"},\"image\":{\"@id\":\"https:\\\/\\\/boeselager-realschule.de\\\/?p=11427#primaryimage\"},\"thumbnailUrl\":\"https:\\\/\\\/boeselager-realschule.de\\\/wp-content\\\/uploads\\\/2023\\\/07\\\/01-Abschluss-23-Abschlussfoto-scaled-e1689539527779-1024x317.jpg\",\"keywords\":[\"Abschluss\",\"Hoch hinaus\"],\"articleSection\":[\"Abschluss\"],\"inLanguage\":\"de\"},{\"@type\":\"WebPage\",\"@id\":\"https:\\\/\\\/boeselager-realschule.de\\\/?p=11427\",\"url\":\"https:\\\/\\\/boeselager-realschule.de\\\/?p=11427\",\"name\":\"Boeselager-Absolventen wollen \\\"hoch hinaus\\\" &#183; Philipp Freiherr von Boeselager Realschule plus Ahrweiler\",\"isPartOf\":{\"@id\":\"https:\\\/\\\/boeselager-realschule.de\\\/#website\"},\"primaryImageOfPage\":{\"@id\":\"https:\\\/\\\/boeselager-realschule.de\\\/?p=11427#primaryimage\"},\"image\":{\"@id\":\"https:\\\/\\\/boeselager-realschule.de\\\/?p=11427#primaryimage\"},\"thumbnailUrl\":\"https:\\\/\\\/boeselager-realschule.de\\\/wp-content\\\/uploads\\\/2023\\\/07\\\/01-Abschluss-23-Abschlussfoto-scaled-e1689539527779-1024x317.jpg\",\"datePublished\":\"2023-07-16T21:23:58+00:00\",\"dateModified\":\"2023-08-20T13:47:26+00:00\",\"description\":\"Realschule plus, Ahrweiler, Boeselager Realschule, individuelle F\u00f6rderung, Wahlpflichtf\u00e4cher, internationale Partnerschaften, Arbeitsgemeinschaften, Bildung, Schulgemeinschaft\",\"breadcrumb\":{\"@id\":\"https:\\\/\\\/boeselager-realschule.de\\\/?p=11427#breadcrumb\"},\"inLanguage\":\"de\",\"potentialAction\":[{\"@type\":\"ReadAction\",\"target\":[\"https:\\\/\\\/boeselager-realschule.de\\\/?p=11427\"]}]},{\"@type\":\"ImageObject\",\"inLanguage\":\"de\",\"@id\":\"https:\\\/\\\/boeselager-realschule.de\\\/?p=11427#primaryimage\",\"url\":\"https:\\\/\\\/boeselager-realschule.de\\\/wp-content\\\/uploads\\\/2023\\\/07\\\/01-Abschluss-23-Abschlussfoto-scaled-e1689539527779.jpg\",\"contentUrl\":\"https:\\\/\\\/boeselager-realschule.de\\\/wp-content\\\/uploads\\\/2023\\\/07\\\/01-Abschluss-23-Abschlussfoto-scaled-e1689539527779.jpg\",\"width\":2560,\"height\":793},{\"@type\":\"BreadcrumbList\",\"@id\":\"https:\\\/\\\/boeselager-realschule.de\\\/?p=11427#breadcrumb\",\"itemListElement\":[{\"@type\":\"ListItem\",\"position\":1,\"name\":\"Startseite\",\"item\":\"https:\\\/\\\/boeselager-realschule.de\\\/\"},{\"@type\":\"ListItem\",\"position\":2,\"name\":\"Boeselager-Absolventen wollen &#8220;hoch hinaus&#8221;\"}]},{\"@type\":\"WebSite\",\"@id\":\"https:\\\/\\\/boeselager-realschule.de\\\/#website\",\"url\":\"https:\\\/\\\/boeselager-realschule.de\\\/\",\"name\":\"Philipp Freiherr von Boeselager Realschule plus Ahrweiler\",\"description\":\"\",\"publisher\":{\"@id\":\"https:\\\/\\\/boeselager-realschule.de\\\/#organization\"},\"potentialAction\":[{\"@type\":\"SearchAction\",\"target\":{\"@type\":\"EntryPoint\",\"urlTemplate\":\"https:\\\/\\\/boeselager-realschule.de\\\/?s={search_term_string}\"},\"query-input\":{\"@type\":\"PropertyValueSpecification\",\"valueRequired\":true,\"valueName\":\"search_term_string\"}}],\"inLanguage\":\"de\"},{\"@type\":\"Organization\",\"@id\":\"https:\\\/\\\/boeselager-realschule.de\\\/#organization\",\"name\":\"Philipp Freiherr von Boeselager Realschule plus Ahrweiler\",\"url\":\"https:\\\/\\\/boeselager-realschule.de\\\/\",\"logo\":{\"@type\":\"ImageObject\",\"inLanguage\":\"de\",\"@id\":\"https:\\\/\\\/boeselager-realschule.de\\\/#\\\/schema\\\/logo\\\/image\\\/\",\"url\":\"https:\\\/\\\/boeselager-realschule.de\\\/wp-content\\\/uploads\\\/2025\\\/02\\\/logo_280-gif.gif\",\"contentUrl\":\"https:\\\/\\\/boeselager-realschule.de\\\/wp-content\\\/uploads\\\/2025\\\/02\\\/logo_280-gif.gif\",\"width\":280,\"height\":226,\"caption\":\"Philipp Freiherr von Boeselager Realschule plus Ahrweiler\"},\"image\":{\"@id\":\"https:\\\/\\\/boeselager-realschule.de\\\/#\\\/schema\\\/logo\\\/image\\\/\"},\"sameAs\":[\"https:\\\/\\\/www.facebook.com\\\/rsplus\"]},{\"@type\":\"Person\",\"@id\":\"https:\\\/\\\/boeselager-realschule.de\\\/#\\\/schema\\\/person\\\/5dee4af139bfcd761fb95ababfd1d028\",\"name\":\"Ralf Breuer\",\"sameAs\":[\"http:\\\/\\\/www.breuer-info.de\"],\"url\":\"https:\\\/\\\/boeselager-realschule.de\\\/?author=5\"}]}<\/script>\n<!-- \/ Yoast SEO plugin. -->","yoast_head_json":{"title":"Boeselager-Absolventen wollen \"hoch hinaus\" &#183; Philipp Freiherr von Boeselager Realschule plus Ahrweiler","description":"Realschule plus, Ahrweiler, Boeselager Realschule, individuelle F\u00f6rderung, Wahlpflichtf\u00e4cher, internationale Partnerschaften, Arbeitsgemeinschaften, Bildung, Schulgemeinschaft","robots":{"index":"index","follow":"follow","max-snippet":"max-snippet:-1","max-image-preview":"max-image-preview:large","max-video-preview":"max-video-preview:-1"},"canonical":"https:\/\/boeselager-realschule.de\/?p=11427","og_locale":"de_DE","og_type":"article","og_title":"Boeselager-Absolventen wollen \"hoch hinaus\" &#183; Philipp Freiherr von Boeselager Realschule plus Ahrweiler","og_description":"Realschule plus, Ahrweiler, Boeselager Realschule, individuelle F\u00f6rderung, Wahlpflichtf\u00e4cher, internationale Partnerschaften, Arbeitsgemeinschaften, Bildung, Schulgemeinschaft","og_url":"https:\/\/boeselager-realschule.de\/?p=11427","og_site_name":"Philipp Freiherr von Boeselager Realschule plus Ahrweiler","article_publisher":"https:\/\/www.facebook.com\/rsplus","article_published_time":"2023-07-16T21:23:58+00:00","article_modified_time":"2023-08-20T13:47:26+00:00","og_image":[{"url":"https:\/\/boeselager-realschule.de\/wp-content\/uploads\/2023\/07\/01-Abschluss-23-Abschlussfoto-scaled-e1689539527779-1024x317.jpg","type":"","width":"","height":""}],"author":"Ralf Breuer","twitter_card":"summary_large_image","twitter_misc":{"Verfasst von":"Ralf Breuer","Gesch\u00e4tzte Lesezeit":"5\u00a0Minuten"},"schema":{"@context":"https:\/\/schema.org","@graph":[{"@type":"Article","@id":"https:\/\/boeselager-realschule.de\/?p=11427#article","isPartOf":{"@id":"https:\/\/boeselager-realschule.de\/?p=11427"},"author":{"name":"Ralf Breuer","@id":"https:\/\/boeselager-realschule.de\/#\/schema\/person\/5dee4af139bfcd761fb95ababfd1d028"},"headline":"Boeselager-Absolventen wollen &#8220;hoch hinaus&#8221;","datePublished":"2023-07-16T21:23:58+00:00","dateModified":"2023-08-20T13:47:26+00:00","mainEntityOfPage":{"@id":"https:\/\/boeselager-realschule.de\/?p=11427"},"wordCount":914,"publisher":{"@id":"https:\/\/boeselager-realschule.de\/#organization"},"image":{"@id":"https:\/\/boeselager-realschule.de\/?p=11427#primaryimage"},"thumbnailUrl":"https:\/\/boeselager-realschule.de\/wp-content\/uploads\/2023\/07\/01-Abschluss-23-Abschlussfoto-scaled-e1689539527779-1024x317.jpg","keywords":["Abschluss","Hoch hinaus"],"articleSection":["Abschluss"],"inLanguage":"de"},{"@type":"WebPage","@id":"https:\/\/boeselager-realschule.de\/?p=11427","url":"https:\/\/boeselager-realschule.de\/?p=11427","name":"Boeselager-Absolventen wollen \"hoch hinaus\" &#183; Philipp Freiherr von Boeselager Realschule plus Ahrweiler","isPartOf":{"@id":"https:\/\/boeselager-realschule.de\/#website"},"primaryImageOfPage":{"@id":"https:\/\/boeselager-realschule.de\/?p=11427#primaryimage"},"image":{"@id":"https:\/\/boeselager-realschule.de\/?p=11427#primaryimage"},"thumbnailUrl":"https:\/\/boeselager-realschule.de\/wp-content\/uploads\/2023\/07\/01-Abschluss-23-Abschlussfoto-scaled-e1689539527779-1024x317.jpg","datePublished":"2023-07-16T21:23:58+00:00","dateModified":"2023-08-20T13:47:26+00:00","description":"Realschule plus, Ahrweiler, Boeselager Realschule, individuelle F\u00f6rderung, Wahlpflichtf\u00e4cher, internationale Partnerschaften, Arbeitsgemeinschaften, Bildung, Schulgemeinschaft","breadcrumb":{"@id":"https:\/\/boeselager-realschule.de\/?p=11427#breadcrumb"},"inLanguage":"de","potentialAction":[{"@type":"ReadAction","target":["https:\/\/boeselager-realschule.de\/?p=11427"]}]},{"@type":"ImageObject","inLanguage":"de","@id":"https:\/\/boeselager-realschule.de\/?p=11427#primaryimage","url":"https:\/\/boeselager-realschule.de\/wp-content\/uploads\/2023\/07\/01-Abschluss-23-Abschlussfoto-scaled-e1689539527779.jpg","contentUrl":"https:\/\/boeselager-realschule.de\/wp-content\/uploads\/2023\/07\/01-Abschluss-23-Abschlussfoto-scaled-e1689539527779.jpg","width":2560,"height":793},{"@type":"BreadcrumbList","@id":"https:\/\/boeselager-realschule.de\/?p=11427#breadcrumb","itemListElement":[{"@type":"ListItem","position":1,"name":"Startseite","item":"https:\/\/boeselager-realschule.de\/"},{"@type":"ListItem","position":2,"name":"Boeselager-Absolventen wollen &#8220;hoch hinaus&#8221;"}]},{"@type":"WebSite","@id":"https:\/\/boeselager-realschule.de\/#website","url":"https:\/\/boeselager-realschule.de\/","name":"Philipp Freiherr von Boeselager Realschule plus Ahrweiler","description":"","publisher":{"@id":"https:\/\/boeselager-realschule.de\/#organization"},"potentialAction":[{"@type":"SearchAction","target":{"@type":"EntryPoint","urlTemplate":"https:\/\/boeselager-realschule.de\/?s={search_term_string}"},"query-input":{"@type":"PropertyValueSpecification","valueRequired":true,"valueName":"search_term_string"}}],"inLanguage":"de"},{"@type":"Organization","@id":"https:\/\/boeselager-realschule.de\/#organization","name":"Philipp Freiherr von Boeselager Realschule plus Ahrweiler","url":"https:\/\/boeselager-realschule.de\/","logo":{"@type":"ImageObject","inLanguage":"de","@id":"https:\/\/boeselager-realschule.de\/#\/schema\/logo\/image\/","url":"https:\/\/boeselager-realschule.de\/wp-content\/uploads\/2025\/02\/logo_280-gif.gif","contentUrl":"https:\/\/boeselager-realschule.de\/wp-content\/uploads\/2025\/02\/logo_280-gif.gif","width":280,"height":226,"caption":"Philipp Freiherr von Boeselager Realschule plus Ahrweiler"},"image":{"@id":"https:\/\/boeselager-realschule.de\/#\/schema\/logo\/image\/"},"sameAs":["https:\/\/www.facebook.com\/rsplus"]},{"@type":"Person","@id":"https:\/\/boeselager-realschule.de\/#\/schema\/person\/5dee4af139bfcd761fb95ababfd1d028","name":"Ralf Breuer","sameAs":["http:\/\/www.breuer-info.de"],"url":"https:\/\/boeselager-realschule.de\/?author=5"}]}},"_links":{"self":[{"href":"https:\/\/boeselager-realschule.de\/index.php?rest_route=\/wp\/v2\/posts\/11427","targetHints":{"allow":["GET"]}}],"collection":[{"href":"https:\/\/boeselager-realschule.de\/index.php?rest_route=\/wp\/v2\/posts"}],"about":[{"href":"https:\/\/boeselager-realschule.de\/index.php?rest_route=\/wp\/v2\/types\/post"}],"author":[{"embeddable":true,"href":"https:\/\/boeselager-realschule.de\/index.php?rest_route=\/wp\/v2\/users\/5"}],"replies":[{"embeddable":true,"href":"https:\/\/boeselager-realschule.de\/index.php?rest_route=%2Fwp%2Fv2%2Fcomments&post=11427"}],"version-history":[{"count":7,"href":"https:\/\/boeselager-realschule.de\/index.php?rest_route=\/wp\/v2\/posts\/11427\/revisions"}],"predecessor-version":[{"id":11434,"href":"https:\/\/boeselager-realschule.de\/index.php?rest_route=\/wp\/v2\/posts\/11427\/revisions\/11434"}],"wp:attachment":[{"href":"https:\/\/boeselager-realschule.de\/index.php?rest_route=%2Fwp%2Fv2%2Fmedia&parent=11427"}],"wp:term":[{"taxonomy":"category","embeddable":true,"href":"https:\/\/boeselager-realschule.de\/index.php?rest_route=%2Fwp%2Fv2%2Fcategories&post=11427"},{"taxonomy":"post_tag","embeddable":true,"href":"https:\/\/boeselager-realschule.de\/index.php?rest_route=%2Fwp%2Fv2%2Ftags&post=11427"}],"curies":[{"name":"wp","href":"https:\/\/api.w.org\/{rel}","templated":true}]}}