{"id":11337,"date":"2023-03-30T22:19:44","date_gmt":"2023-03-30T20:19:44","guid":{"rendered":"https:\/\/boeselager-realschule.de\/?p=11337"},"modified":"2023-04-10T13:58:20","modified_gmt":"2023-04-10T11:58:20","slug":"klassen-8b-und-8d-besuchten-landtag-in-mainz","status":"publish","type":"post","link":"https:\/\/boeselager-realschule.de\/?p=11337","title":{"rendered":"&#8220;Landtag statt Klassenzimmer&#8221;"},"content":{"rendered":"<div class=\"x11i5rnm xat24cr x1mh8g0r x1vvkbs xdj266r x126k92a\">\n<div dir=\"auto\">\n<div id=\"attachment_11341\" style=\"width: 565px\" class=\"wp-caption aligncenter\"><img loading=\"lazy\" decoding=\"async\" aria-describedby=\"caption-attachment-11341\" class=\"wp-image-11341 size-full\" src=\"https:\/\/boeselager-realschule.de\/wp-content\/uploads\/2023\/03\/Landtag5.jpg\" alt=\"Demokratie live erlebten die Klassen 8b und 8d im Landtag in Mainz\" width=\"555\" height=\"312\" srcset=\"https:\/\/boeselager-realschule.de\/wp-content\/uploads\/2023\/03\/Landtag5.jpg 555w, https:\/\/boeselager-realschule.de\/wp-content\/uploads\/2023\/03\/Landtag5-300x169.jpg 300w\" sizes=\"auto, (max-width: 555px) 100vw, 555px\" \/><p id=\"caption-attachment-11341\" class=\"wp-caption-text\">Demokratie live erlebten die Klassen 8b und 8d im Landtag in Mainz<\/p><\/div>\n<\/div>\n<div dir=\"auto\">&nbsp;<\/div>\n<div dir=\"auto\">\n<div id=\"attachment_11342\" style=\"width: 565px\" class=\"wp-caption aligncenter\"><img loading=\"lazy\" decoding=\"async\" aria-describedby=\"caption-attachment-11342\" class=\"wp-image-11342 size-full\" src=\"https:\/\/boeselager-realschule.de\/wp-content\/uploads\/2023\/03\/Landtag1.jpg\" alt=\"Die Klasse 8d mit MdL Susanne M\u00fcller und Sozi-Lehrer Ralf Breuer nach dem Besuch im Abgeordnetenhaus\" width=\"555\" height=\"312\" srcset=\"https:\/\/boeselager-realschule.de\/wp-content\/uploads\/2023\/03\/Landtag1.jpg 555w, https:\/\/boeselager-realschule.de\/wp-content\/uploads\/2023\/03\/Landtag1-300x169.jpg 300w\" sizes=\"auto, (max-width: 555px) 100vw, 555px\" \/><p id=\"caption-attachment-11342\" class=\"wp-caption-text\">Die Klasse 8d mit MdL Susanne M\u00fcller und Sozi-Lehrer Ralf Breuer nach dem Besuch im Abgeordnetenhaus<\/p><\/div>\n<\/div>\n<div dir=\"auto\">&nbsp;<\/div>\n<div dir=\"auto\">\n<div id=\"attachment_11339\" style=\"width: 565px\" class=\"wp-caption aligncenter\"><img loading=\"lazy\" decoding=\"async\" aria-describedby=\"caption-attachment-11339\" class=\"wp-image-11339 size-full\" src=\"https:\/\/boeselager-realschule.de\/wp-content\/uploads\/2023\/03\/Landtag3.jpg\" alt=\"Die Klasse 8b in Mainz\" width=\"555\" height=\"329\" srcset=\"https:\/\/boeselager-realschule.de\/wp-content\/uploads\/2023\/03\/Landtag3.jpg 555w, https:\/\/boeselager-realschule.de\/wp-content\/uploads\/2023\/03\/Landtag3-300x178.jpg 300w\" sizes=\"auto, (max-width: 555px) 100vw, 555px\" \/><p id=\"caption-attachment-11339\" class=\"wp-caption-text\">Die Klasse 8b in Mainz<\/p><\/div>\n<\/div>\n<div dir=\"auto\">&nbsp;<\/div>\n<div dir=\"auto\">Kurz vor den Osterferien besuchten die Klassen 8b und 8d der Boeselager-Realschule Ahrweiler auf Einladung der Abgeordneten Susanne M\u00fcller (SPD) den Landtag von Rheinland-Pfalz.<\/div>\n<\/div>\n<div class=\"x11i5rnm xat24cr x1mh8g0r x1vvkbs xtlvy1s x126k92a\">\n<div dir=\"auto\">Zun\u00e4chst hatten die Sch\u00fclerinnen und Sch\u00fcler die Gelegenheit, mit Susanne M\u00fcller \u00fcber ihre Arbeit im Landtag zu sprechen. Dabei wurden Themen wie Bildung, Umwelt und Sozialpolitik diskutiert. Die Jugendlichen zeigten gro\u00dfes Interesse an der Arbeit einer Abgeordneten und stellten viele Fragen, die von der Abgeordneten Susanne M\u00fcller geduldig und ausf\u00fchrlich beantwortet wurden.<\/div>\n<div dir=\"auto\">\n<div id=\"attachment_11343\" style=\"width: 564px\" class=\"wp-caption aligncenter\"><img loading=\"lazy\" decoding=\"async\" aria-describedby=\"caption-attachment-11343\" class=\"wp-image-11343 size-full\" src=\"https:\/\/boeselager-realschule.de\/wp-content\/uploads\/2023\/03\/Landtag2.jpg\" alt=\"Interessante Infos \u00fcber das Parlament gabs im Ausschuss-Saal des Landtags\" width=\"554\" height=\"307\" srcset=\"https:\/\/boeselager-realschule.de\/wp-content\/uploads\/2023\/03\/Landtag2.jpg 554w, https:\/\/boeselager-realschule.de\/wp-content\/uploads\/2023\/03\/Landtag2-300x166.jpg 300w\" sizes=\"auto, (max-width: 554px) 100vw, 554px\" \/><p id=\"caption-attachment-11343\" class=\"wp-caption-text\">Interessante Infos \u00fcber das Parlament gabs im Ausschuss-Saal des Landtags<\/p><\/div>\n<\/div>\n<\/div>\n<div class=\"x11i5rnm xat24cr x1mh8g0r x1vvkbs xtlvy1s x126k92a\">\n<div dir=\"auto\">&nbsp;<\/div>\n<div dir=\"auto\">Anschlie\u00dfend gab einen Vortrag \u00fcber den Landtag von Rheinland-Pfalz, bei dem die Sch\u00fcler alles Wissenswerte \u00fcber die Aufgaben und Struktur des Landtags lernten. Dabei erfuhr die Gruppe aus Ahrweiler zum Beispiel, dass der Landtag von Rheinland-Pfalz aus 101 Abgeordneten besteht, die alle f\u00fcnf Jahre gew\u00e4hlt werden.<\/div>\n<div dir=\"auto\">&nbsp;<\/div>\n<\/div>\n<div dir=\"auto\">\n<div id=\"attachment_11338\" style=\"width: 565px\" class=\"wp-caption aligncenter\"><img loading=\"lazy\" decoding=\"async\" aria-describedby=\"caption-attachment-11338\" class=\"wp-image-11338 size-full\" src=\"https:\/\/boeselager-realschule.de\/wp-content\/uploads\/2023\/03\/Landtag6.jpg\" alt=\"Die Angeordnete Susanne M\u00fcller berichtete \u00fcber ihren Alltag als Volksvertreterin\" width=\"555\" height=\"312\" srcset=\"https:\/\/boeselager-realschule.de\/wp-content\/uploads\/2023\/03\/Landtag6.jpg 555w, https:\/\/boeselager-realschule.de\/wp-content\/uploads\/2023\/03\/Landtag6-300x169.jpg 300w\" sizes=\"auto, (max-width: 555px) 100vw, 555px\" \/><p id=\"caption-attachment-11338\" class=\"wp-caption-text\">Die Abgeordnete Susanne M\u00fcller berichtete \u00fcber ihren Alltag als Volksvertreterin<\/p><\/div>\n<\/div>\n<div dir=\"auto\">&nbsp;<\/div>\n<div class=\"x11i5rnm xat24cr x1mh8g0r x1vvkbs xtlvy1s x126k92a\">\n<div dir=\"auto\">Zum Abschluss besuchten die Boeselager-Realsch\u00fcler mit ihren Sozialkundelehrern Ines Stolz-Thomas und Ralf Breuer eine Sitzung des Plenums. Dabei konnten sie hautnah erleben, wie eine Debatte im Landtag abl\u00e4uft. Die Jugendlichen waren beeindruckt von der Ernsthaftigkeit und Leidenschaft, mit der die Abgeordneten ihre Positionen vertreten. W\u00e4hrend dieser Parlamentssitzung verlie\u00df Bildungsministerin Stefanie Hubig sogar kurz die Regierungsbank, um die beiden Klassen der Boeselager-Realschule Ahrweiler kurz pers\u00f6nlich zu begr\u00fc\u00dfen.<\/div>\n<div dir=\"auto\">&nbsp;<\/div>\n<\/div>\n<div class=\"x11i5rnm xat24cr x1mh8g0r x1vvkbs xtlvy1s x126k92a\">\n<div dir=\"auto\">&#8220;Der Besuch im Landtag war eine tolle Erfahrung f\u00fcr uns&#8221;, sagte Max aus der Klasse 8d. &#8220;Wir haben viel \u00fcber die Arbeit im Landtag gelernt und konnten sogar live dabei sein, als eine Debatte stattfand. Das war wirklich spannend!&#8221;<\/div>\n<div dir=\"auto\">&nbsp;<\/div>\n<\/div>\n<div dir=\"auto\">Auch die Landtagsabgeordnete Susanne M\u00fcller war begeistert von dem Besuch der Sch\u00fclerinnen und Sch\u00fcler. &#8220;Es ist wichtig, dass junge Menschen sich f\u00fcr Politik interessieren und sich mit den Themen auseinandersetzen, die unser Land bewegen&#8221;, sagte sie. &#8220;Ich freue mich, dass ich den Sch\u00fclerinnen und Sch\u00fclern einen Einblick in die Arbeit des Landtags geben konnte und hoffe, dass sie die Erfahrung mitnehmen, dass jeder von uns etwas bewirken kann, wenn wir uns f\u00fcr eine Sache einsetzen.&#8221;<\/div>\n","protected":false},"excerpt":{"rendered":"<p>&nbsp; &nbsp; &nbsp; Kurz vor den Osterferien besuchten die Klassen 8b und 8d der Boeselager-Realschule Ahrweiler auf Einladung der Abgeordneten Susanne M\u00fcller (SPD) den Landtag von Rheinland-Pfalz. Zun\u00e4chst hatten die Sch\u00fclerinnen und Sch\u00fcler die Gelegenheit, mit Susanne M\u00fcller \u00fcber ihre Arbeit im Landtag zu sprechen. Dabei wurden Themen wie Bildung, Umwelt und Sozialpolitik diskutiert. Die [&hellip;]<\/p>\n","protected":false},"author":5,"featured_media":0,"comment_status":"closed","ping_status":"open","sticky":false,"template":"","format":"standard","meta":{"ngg_post_thumbnail":0,"footnotes":""},"categories":[326],"tags":[],"class_list":["post-11337","post","type-post","status-publish","format-standard","hentry","category-politische-bildung"],"yoast_head":"<!-- This site is optimized with the Yoast SEO plugin v28.3 - https:\/\/yoast.com\/product\/yoast-seo-wordpress\/ -->\n<title>&quot;Landtag statt Klassenzimmer&quot; &#183; Philipp Freiherr von Boeselager Realschule plus Ahrweiler<\/title>\n<meta name=\"description\" content=\"Realschule plus, Ahrweiler, Boeselager Realschule, individuelle F\u00f6rderung, Wahlpflichtf\u00e4cher, internationale Partnerschaften, Arbeitsgemeinschaften, Bildung, Schulgemeinschaft\" \/>\n<meta name=\"robots\" content=\"index, follow, max-snippet:-1, max-image-preview:large, max-video-preview:-1\" \/>\n<link rel=\"canonical\" href=\"https:\/\/boeselager-realschule.de\/?p=11337\" \/>\n<meta property=\"og:locale\" content=\"de_DE\" \/>\n<meta property=\"og:type\" content=\"article\" \/>\n<meta property=\"og:title\" content=\"&quot;Landtag statt Klassenzimmer&quot; &#183; Philipp Freiherr von Boeselager Realschule plus Ahrweiler\" \/>\n<meta property=\"og:description\" content=\"Realschule plus, Ahrweiler, Boeselager Realschule, individuelle F\u00f6rderung, Wahlpflichtf\u00e4cher, internationale Partnerschaften, Arbeitsgemeinschaften, Bildung, Schulgemeinschaft\" \/>\n<meta property=\"og:url\" content=\"https:\/\/boeselager-realschule.de\/?p=11337\" \/>\n<meta property=\"og:site_name\" content=\"Philipp Freiherr von Boeselager Realschule plus Ahrweiler\" \/>\n<meta property=\"article:publisher\" content=\"https:\/\/www.facebook.com\/rsplus\" \/>\n<meta property=\"article:published_time\" content=\"2023-03-30T20:19:44+00:00\" \/>\n<meta property=\"article:modified_time\" content=\"2023-04-10T11:58:20+00:00\" \/>\n<meta property=\"og:image\" content=\"https:\/\/boeselager-realschule.de\/wp-content\/uploads\/2023\/03\/Landtag5.jpg\" \/>\n<meta name=\"author\" content=\"Ralf Breuer\" \/>\n<meta name=\"twitter:card\" content=\"summary_large_image\" \/>\n<meta name=\"twitter:label1\" content=\"Verfasst von\" \/>\n\t<meta name=\"twitter:data1\" content=\"Ralf Breuer\" \/>\n\t<meta name=\"twitter:label2\" content=\"Gesch\u00e4tzte Lesezeit\" \/>\n\t<meta name=\"twitter:data2\" content=\"2\u00a0Minuten\" \/>\n<script type=\"application\/ld+json\" class=\"yoast-schema-graph\">{\"@context\":\"https:\\\/\\\/schema.org\",\"@graph\":[{\"@type\":\"Article\",\"@id\":\"https:\\\/\\\/boeselager-realschule.de\\\/?p=11337#article\",\"isPartOf\":{\"@id\":\"https:\\\/\\\/boeselager-realschule.de\\\/?p=11337\"},\"author\":{\"name\":\"Ralf Breuer\",\"@id\":\"https:\\\/\\\/boeselager-realschule.de\\\/#\\\/schema\\\/person\\\/5dee4af139bfcd761fb95ababfd1d028\"},\"headline\":\"&#8220;Landtag statt Klassenzimmer&#8221;\",\"datePublished\":\"2023-03-30T20:19:44+00:00\",\"dateModified\":\"2023-04-10T11:58:20+00:00\",\"mainEntityOfPage\":{\"@id\":\"https:\\\/\\\/boeselager-realschule.de\\\/?p=11337\"},\"wordCount\":427,\"publisher\":{\"@id\":\"https:\\\/\\\/boeselager-realschule.de\\\/#organization\"},\"image\":{\"@id\":\"https:\\\/\\\/boeselager-realschule.de\\\/?p=11337#primaryimage\"},\"thumbnailUrl\":\"https:\\\/\\\/boeselager-realschule.de\\\/wp-content\\\/uploads\\\/2023\\\/03\\\/Landtag5.jpg\",\"articleSection\":[\"Politische Bildung\"],\"inLanguage\":\"de\"},{\"@type\":\"WebPage\",\"@id\":\"https:\\\/\\\/boeselager-realschule.de\\\/?p=11337\",\"url\":\"https:\\\/\\\/boeselager-realschule.de\\\/?p=11337\",\"name\":\"\\\"Landtag statt Klassenzimmer\\\" &#183; Philipp Freiherr von Boeselager Realschule plus Ahrweiler\",\"isPartOf\":{\"@id\":\"https:\\\/\\\/boeselager-realschule.de\\\/#website\"},\"primaryImageOfPage\":{\"@id\":\"https:\\\/\\\/boeselager-realschule.de\\\/?p=11337#primaryimage\"},\"image\":{\"@id\":\"https:\\\/\\\/boeselager-realschule.de\\\/?p=11337#primaryimage\"},\"thumbnailUrl\":\"https:\\\/\\\/boeselager-realschule.de\\\/wp-content\\\/uploads\\\/2023\\\/03\\\/Landtag5.jpg\",\"datePublished\":\"2023-03-30T20:19:44+00:00\",\"dateModified\":\"2023-04-10T11:58:20+00:00\",\"description\":\"Realschule plus, Ahrweiler, Boeselager Realschule, individuelle F\u00f6rderung, Wahlpflichtf\u00e4cher, internationale Partnerschaften, Arbeitsgemeinschaften, Bildung, Schulgemeinschaft\",\"breadcrumb\":{\"@id\":\"https:\\\/\\\/boeselager-realschule.de\\\/?p=11337#breadcrumb\"},\"inLanguage\":\"de\",\"potentialAction\":[{\"@type\":\"ReadAction\",\"target\":[\"https:\\\/\\\/boeselager-realschule.de\\\/?p=11337\"]}]},{\"@type\":\"ImageObject\",\"inLanguage\":\"de\",\"@id\":\"https:\\\/\\\/boeselager-realschule.de\\\/?p=11337#primaryimage\",\"url\":\"https:\\\/\\\/boeselager-realschule.de\\\/wp-content\\\/uploads\\\/2023\\\/03\\\/Landtag5.jpg\",\"contentUrl\":\"https:\\\/\\\/boeselager-realschule.de\\\/wp-content\\\/uploads\\\/2023\\\/03\\\/Landtag5.jpg\",\"width\":555,\"height\":312},{\"@type\":\"BreadcrumbList\",\"@id\":\"https:\\\/\\\/boeselager-realschule.de\\\/?p=11337#breadcrumb\",\"itemListElement\":[{\"@type\":\"ListItem\",\"position\":1,\"name\":\"Startseite\",\"item\":\"https:\\\/\\\/boeselager-realschule.de\\\/\"},{\"@type\":\"ListItem\",\"position\":2,\"name\":\"&#8220;Landtag statt Klassenzimmer&#8221;\"}]},{\"@type\":\"WebSite\",\"@id\":\"https:\\\/\\\/boeselager-realschule.de\\\/#website\",\"url\":\"https:\\\/\\\/boeselager-realschule.de\\\/\",\"name\":\"Philipp Freiherr von Boeselager Realschule plus Ahrweiler\",\"description\":\"\",\"publisher\":{\"@id\":\"https:\\\/\\\/boeselager-realschule.de\\\/#organization\"},\"potentialAction\":[{\"@type\":\"SearchAction\",\"target\":{\"@type\":\"EntryPoint\",\"urlTemplate\":\"https:\\\/\\\/boeselager-realschule.de\\\/?s={search_term_string}\"},\"query-input\":{\"@type\":\"PropertyValueSpecification\",\"valueRequired\":true,\"valueName\":\"search_term_string\"}}],\"inLanguage\":\"de\"},{\"@type\":\"Organization\",\"@id\":\"https:\\\/\\\/boeselager-realschule.de\\\/#organization\",\"name\":\"Philipp Freiherr von Boeselager Realschule plus Ahrweiler\",\"url\":\"https:\\\/\\\/boeselager-realschule.de\\\/\",\"logo\":{\"@type\":\"ImageObject\",\"inLanguage\":\"de\",\"@id\":\"https:\\\/\\\/boeselager-realschule.de\\\/#\\\/schema\\\/logo\\\/image\\\/\",\"url\":\"https:\\\/\\\/boeselager-realschule.de\\\/wp-content\\\/uploads\\\/2025\\\/02\\\/logo_280-gif.gif\",\"contentUrl\":\"https:\\\/\\\/boeselager-realschule.de\\\/wp-content\\\/uploads\\\/2025\\\/02\\\/logo_280-gif.gif\",\"width\":280,\"height\":226,\"caption\":\"Philipp Freiherr von Boeselager Realschule plus Ahrweiler\"},\"image\":{\"@id\":\"https:\\\/\\\/boeselager-realschule.de\\\/#\\\/schema\\\/logo\\\/image\\\/\"},\"sameAs\":[\"https:\\\/\\\/www.facebook.com\\\/rsplus\"]},{\"@type\":\"Person\",\"@id\":\"https:\\\/\\\/boeselager-realschule.de\\\/#\\\/schema\\\/person\\\/5dee4af139bfcd761fb95ababfd1d028\",\"name\":\"Ralf Breuer\",\"sameAs\":[\"http:\\\/\\\/www.breuer-info.de\"],\"url\":\"https:\\\/\\\/boeselager-realschule.de\\\/?author=5\"}]}<\/script>\n<!-- \/ Yoast SEO plugin. -->","yoast_head_json":{"title":"\"Landtag statt Klassenzimmer\" &#183; Philipp Freiherr von Boeselager Realschule plus Ahrweiler","description":"Realschule plus, Ahrweiler, Boeselager Realschule, individuelle F\u00f6rderung, Wahlpflichtf\u00e4cher, internationale Partnerschaften, Arbeitsgemeinschaften, Bildung, Schulgemeinschaft","robots":{"index":"index","follow":"follow","max-snippet":"max-snippet:-1","max-image-preview":"max-image-preview:large","max-video-preview":"max-video-preview:-1"},"canonical":"https:\/\/boeselager-realschule.de\/?p=11337","og_locale":"de_DE","og_type":"article","og_title":"\"Landtag statt Klassenzimmer\" &#183; Philipp Freiherr von Boeselager Realschule plus Ahrweiler","og_description":"Realschule plus, Ahrweiler, Boeselager Realschule, individuelle F\u00f6rderung, Wahlpflichtf\u00e4cher, internationale Partnerschaften, Arbeitsgemeinschaften, Bildung, Schulgemeinschaft","og_url":"https:\/\/boeselager-realschule.de\/?p=11337","og_site_name":"Philipp Freiherr von Boeselager Realschule plus Ahrweiler","article_publisher":"https:\/\/www.facebook.com\/rsplus","article_published_time":"2023-03-30T20:19:44+00:00","article_modified_time":"2023-04-10T11:58:20+00:00","og_image":[{"url":"https:\/\/boeselager-realschule.de\/wp-content\/uploads\/2023\/03\/Landtag5.jpg","type":"","width":"","height":""}],"author":"Ralf Breuer","twitter_card":"summary_large_image","twitter_misc":{"Verfasst von":"Ralf Breuer","Gesch\u00e4tzte Lesezeit":"2\u00a0Minuten"},"schema":{"@context":"https:\/\/schema.org","@graph":[{"@type":"Article","@id":"https:\/\/boeselager-realschule.de\/?p=11337#article","isPartOf":{"@id":"https:\/\/boeselager-realschule.de\/?p=11337"},"author":{"name":"Ralf Breuer","@id":"https:\/\/boeselager-realschule.de\/#\/schema\/person\/5dee4af139bfcd761fb95ababfd1d028"},"headline":"&#8220;Landtag statt Klassenzimmer&#8221;","datePublished":"2023-03-30T20:19:44+00:00","dateModified":"2023-04-10T11:58:20+00:00","mainEntityOfPage":{"@id":"https:\/\/boeselager-realschule.de\/?p=11337"},"wordCount":427,"publisher":{"@id":"https:\/\/boeselager-realschule.de\/#organization"},"image":{"@id":"https:\/\/boeselager-realschule.de\/?p=11337#primaryimage"},"thumbnailUrl":"https:\/\/boeselager-realschule.de\/wp-content\/uploads\/2023\/03\/Landtag5.jpg","articleSection":["Politische Bildung"],"inLanguage":"de"},{"@type":"WebPage","@id":"https:\/\/boeselager-realschule.de\/?p=11337","url":"https:\/\/boeselager-realschule.de\/?p=11337","name":"\"Landtag statt Klassenzimmer\" &#183; Philipp Freiherr von Boeselager Realschule plus Ahrweiler","isPartOf":{"@id":"https:\/\/boeselager-realschule.de\/#website"},"primaryImageOfPage":{"@id":"https:\/\/boeselager-realschule.de\/?p=11337#primaryimage"},"image":{"@id":"https:\/\/boeselager-realschule.de\/?p=11337#primaryimage"},"thumbnailUrl":"https:\/\/boeselager-realschule.de\/wp-content\/uploads\/2023\/03\/Landtag5.jpg","datePublished":"2023-03-30T20:19:44+00:00","dateModified":"2023-04-10T11:58:20+00:00","description":"Realschule plus, Ahrweiler, Boeselager Realschule, individuelle F\u00f6rderung, Wahlpflichtf\u00e4cher, internationale Partnerschaften, Arbeitsgemeinschaften, Bildung, Schulgemeinschaft","breadcrumb":{"@id":"https:\/\/boeselager-realschule.de\/?p=11337#breadcrumb"},"inLanguage":"de","potentialAction":[{"@type":"ReadAction","target":["https:\/\/boeselager-realschule.de\/?p=11337"]}]},{"@type":"ImageObject","inLanguage":"de","@id":"https:\/\/boeselager-realschule.de\/?p=11337#primaryimage","url":"https:\/\/boeselager-realschule.de\/wp-content\/uploads\/2023\/03\/Landtag5.jpg","contentUrl":"https:\/\/boeselager-realschule.de\/wp-content\/uploads\/2023\/03\/Landtag5.jpg","width":555,"height":312},{"@type":"BreadcrumbList","@id":"https:\/\/boeselager-realschule.de\/?p=11337#breadcrumb","itemListElement":[{"@type":"ListItem","position":1,"name":"Startseite","item":"https:\/\/boeselager-realschule.de\/"},{"@type":"ListItem","position":2,"name":"&#8220;Landtag statt Klassenzimmer&#8221;"}]},{"@type":"WebSite","@id":"https:\/\/boeselager-realschule.de\/#website","url":"https:\/\/boeselager-realschule.de\/","name":"Philipp Freiherr von Boeselager Realschule plus Ahrweiler","description":"","publisher":{"@id":"https:\/\/boeselager-realschule.de\/#organization"},"potentialAction":[{"@type":"SearchAction","target":{"@type":"EntryPoint","urlTemplate":"https:\/\/boeselager-realschule.de\/?s={search_term_string}"},"query-input":{"@type":"PropertyValueSpecification","valueRequired":true,"valueName":"search_term_string"}}],"inLanguage":"de"},{"@type":"Organization","@id":"https:\/\/boeselager-realschule.de\/#organization","name":"Philipp Freiherr von Boeselager Realschule plus Ahrweiler","url":"https:\/\/boeselager-realschule.de\/","logo":{"@type":"ImageObject","inLanguage":"de","@id":"https:\/\/boeselager-realschule.de\/#\/schema\/logo\/image\/","url":"https:\/\/boeselager-realschule.de\/wp-content\/uploads\/2025\/02\/logo_280-gif.gif","contentUrl":"https:\/\/boeselager-realschule.de\/wp-content\/uploads\/2025\/02\/logo_280-gif.gif","width":280,"height":226,"caption":"Philipp Freiherr von Boeselager Realschule plus Ahrweiler"},"image":{"@id":"https:\/\/boeselager-realschule.de\/#\/schema\/logo\/image\/"},"sameAs":["https:\/\/www.facebook.com\/rsplus"]},{"@type":"Person","@id":"https:\/\/boeselager-realschule.de\/#\/schema\/person\/5dee4af139bfcd761fb95ababfd1d028","name":"Ralf Breuer","sameAs":["http:\/\/www.breuer-info.de"],"url":"https:\/\/boeselager-realschule.de\/?author=5"}]}},"_links":{"self":[{"href":"https:\/\/boeselager-realschule.de\/index.php?rest_route=\/wp\/v2\/posts\/11337","targetHints":{"allow":["GET"]}}],"collection":[{"href":"https:\/\/boeselager-realschule.de\/index.php?rest_route=\/wp\/v2\/posts"}],"about":[{"href":"https:\/\/boeselager-realschule.de\/index.php?rest_route=\/wp\/v2\/types\/post"}],"author":[{"embeddable":true,"href":"https:\/\/boeselager-realschule.de\/index.php?rest_route=\/wp\/v2\/users\/5"}],"replies":[{"embeddable":true,"href":"https:\/\/boeselager-realschule.de\/index.php?rest_route=%2Fwp%2Fv2%2Fcomments&post=11337"}],"version-history":[{"count":5,"href":"https:\/\/boeselager-realschule.de\/index.php?rest_route=\/wp\/v2\/posts\/11337\/revisions"}],"predecessor-version":[{"id":11350,"href":"https:\/\/boeselager-realschule.de\/index.php?rest_route=\/wp\/v2\/posts\/11337\/revisions\/11350"}],"wp:attachment":[{"href":"https:\/\/boeselager-realschule.de\/index.php?rest_route=%2Fwp%2Fv2%2Fmedia&parent=11337"}],"wp:term":[{"taxonomy":"category","embeddable":true,"href":"https:\/\/boeselager-realschule.de\/index.php?rest_route=%2Fwp%2Fv2%2Fcategories&post=11337"},{"taxonomy":"post_tag","embeddable":true,"href":"https:\/\/boeselager-realschule.de\/index.php?rest_route=%2Fwp%2Fv2%2Ftags&post=11337"}],"curies":[{"name":"wp","href":"https:\/\/api.w.org\/{rel}","templated":true}]}}