{"id":10605,"date":"2021-11-14T16:10:51","date_gmt":"2021-11-14T15:10:51","guid":{"rendered":"https:\/\/boeselager-realschule.de\/?p=10605"},"modified":"2021-11-14T16:10:51","modified_gmt":"2021-11-14T15:10:51","slug":"moeglichkeit-der-qualifizierten-selbstauskunft","status":"publish","type":"post","link":"https:\/\/boeselager-realschule.de\/?p=10605","title":{"rendered":"M\u00f6glichkeit der qualifizierten Selbstauskunft"},"content":{"rendered":"<p><strong>Zur Erinnerung: <\/strong><\/p>\n<p>Fehlen Sch\u00fclerinnen und Sch\u00fcler montags bei der Selbsttestung, m\u00fcssen sie bei Wiederkehr den Nachweis einer Teststelle \u00fcber das negative Testergebnis mitbringen.<\/p>\n<p>Daneben besteht aber auch die M\u00f6glichkeit der qualifizierten Selbstauskunft. Dazu bringen die Sch\u00fclerinnen und Sch\u00fcler das folgende Formular, ausgef\u00fcllt von den Sorgeberechtigten, bitte mit in die Schule:<\/p>\n<p><a href=\"https:\/\/boeselager-realschule.de\/wp-content\/uploads\/2021\/11\/20210422_Qualifizierte_Selbstauskunft_Selbsttest_SARS-CoV-2.pdf\" target=\"_blank\" rel=\"noopener\"><img loading=\"lazy\" decoding=\"async\" class=\"aligncenter wp-image-10607\" src=\"https:\/\/boeselager-realschule.de\/wp-content\/uploads\/2021\/11\/Selbstauskunft.jpg\" alt=\"\" width=\"450\" height=\"360\" srcset=\"https:\/\/boeselager-realschule.de\/wp-content\/uploads\/2021\/11\/Selbstauskunft.jpg 550w, https:\/\/boeselager-realschule.de\/wp-content\/uploads\/2021\/11\/Selbstauskunft-300x240.jpg 300w\" sizes=\"auto, (max-width: 450px) 100vw, 450px\" \/><\/a><\/p>\n<p style=\"text-align: center;\"><strong><a href=\"https:\/\/boeselager-realschule.de\/wp-content\/uploads\/2021\/11\/20210422_Qualifizierte_Selbstauskunft_Selbsttest_SARS-CoV-2.pdf\" target=\"_blank\" rel=\"noopener\">&#8211;&gt; zum Formular &#8220;Selbstauskunft&#8221;<\/a><\/strong><\/p>\n","protected":false},"excerpt":{"rendered":"<p>Zur Erinnerung: Fehlen Sch\u00fclerinnen und Sch\u00fcler montags bei der Selbsttestung, m\u00fcssen sie bei Wiederkehr den Nachweis einer Teststelle \u00fcber das negative Testergebnis mitbringen. Daneben besteht aber auch die M\u00f6glichkeit der qualifizierten Selbstauskunft. Dazu bringen die Sch\u00fclerinnen und Sch\u00fcler das folgende Formular, ausgef\u00fcllt von den Sorgeberechtigten, bitte mit in die Schule: &#8211;&gt; zum Formular &#8220;Selbstauskunft&#8221;<\/p>\n","protected":false},"author":5,"featured_media":0,"comment_status":"closed","ping_status":"open","sticky":false,"template":"","format":"standard","meta":{"ngg_post_thumbnail":0,"footnotes":""},"categories":[734],"tags":[733,829],"class_list":["post-10605","post","type-post","status-publish","format-standard","hentry","category-corona","tag-corona","tag-qualifizierte-selbstauskunft"],"yoast_head":"<!-- This site is optimized with the Yoast SEO plugin v28.3 - https:\/\/yoast.com\/product\/yoast-seo-wordpress\/ -->\n<title>M\u00f6glichkeit der qualifizierten Selbstauskunft &#183; Philipp Freiherr von Boeselager Realschule plus Ahrweiler<\/title>\n<meta name=\"description\" content=\"Realschule plus, Ahrweiler, Boeselager Realschule, individuelle F\u00f6rderung, Wahlpflichtf\u00e4cher, internationale Partnerschaften, Arbeitsgemeinschaften, Bildung, Schulgemeinschaft\" \/>\n<meta name=\"robots\" content=\"index, follow, max-snippet:-1, max-image-preview:large, max-video-preview:-1\" \/>\n<link rel=\"canonical\" href=\"https:\/\/boeselager-realschule.de\/?p=10605\" \/>\n<meta property=\"og:locale\" content=\"de_DE\" \/>\n<meta property=\"og:type\" content=\"article\" \/>\n<meta property=\"og:title\" content=\"M\u00f6glichkeit der qualifizierten Selbstauskunft &#183; Philipp Freiherr von Boeselager Realschule plus Ahrweiler\" \/>\n<meta property=\"og:description\" content=\"Realschule plus, Ahrweiler, Boeselager Realschule, individuelle F\u00f6rderung, Wahlpflichtf\u00e4cher, internationale Partnerschaften, Arbeitsgemeinschaften, Bildung, Schulgemeinschaft\" \/>\n<meta property=\"og:url\" content=\"https:\/\/boeselager-realschule.de\/?p=10605\" \/>\n<meta property=\"og:site_name\" content=\"Philipp Freiherr von Boeselager Realschule plus Ahrweiler\" \/>\n<meta property=\"article:publisher\" content=\"https:\/\/www.facebook.com\/rsplus\" \/>\n<meta property=\"article:published_time\" content=\"2021-11-14T15:10:51+00:00\" \/>\n<meta property=\"og:image\" content=\"https:\/\/boeselager-realschule.de\/wp-content\/uploads\/2021\/11\/Selbstauskunft.jpg\" \/>\n<meta name=\"author\" content=\"Ralf Breuer\" \/>\n<meta name=\"twitter:card\" content=\"summary_large_image\" \/>\n<meta name=\"twitter:label1\" content=\"Verfasst von\" \/>\n\t<meta name=\"twitter:data1\" content=\"Ralf Breuer\" \/>\n<script type=\"application\/ld+json\" class=\"yoast-schema-graph\">{\"@context\":\"https:\\\/\\\/schema.org\",\"@graph\":[{\"@type\":\"Article\",\"@id\":\"https:\\\/\\\/boeselager-realschule.de\\\/?p=10605#article\",\"isPartOf\":{\"@id\":\"https:\\\/\\\/boeselager-realschule.de\\\/?p=10605\"},\"author\":{\"name\":\"Ralf Breuer\",\"@id\":\"https:\\\/\\\/boeselager-realschule.de\\\/#\\\/schema\\\/person\\\/5dee4af139bfcd761fb95ababfd1d028\"},\"headline\":\"M\u00f6glichkeit der qualifizierten Selbstauskunft\",\"datePublished\":\"2021-11-14T15:10:51+00:00\",\"mainEntityOfPage\":{\"@id\":\"https:\\\/\\\/boeselager-realschule.de\\\/?p=10605\"},\"wordCount\":67,\"publisher\":{\"@id\":\"https:\\\/\\\/boeselager-realschule.de\\\/#organization\"},\"image\":{\"@id\":\"https:\\\/\\\/boeselager-realschule.de\\\/?p=10605#primaryimage\"},\"thumbnailUrl\":\"https:\\\/\\\/boeselager-realschule.de\\\/wp-content\\\/uploads\\\/2021\\\/11\\\/Selbstauskunft.jpg\",\"keywords\":[\"Corona\",\"Qualifizierte Selbstauskunft\"],\"articleSection\":[\"Corona\"],\"inLanguage\":\"de\"},{\"@type\":\"WebPage\",\"@id\":\"https:\\\/\\\/boeselager-realschule.de\\\/?p=10605\",\"url\":\"https:\\\/\\\/boeselager-realschule.de\\\/?p=10605\",\"name\":\"M\u00f6glichkeit der qualifizierten Selbstauskunft &#183; Philipp Freiherr von Boeselager Realschule plus Ahrweiler\",\"isPartOf\":{\"@id\":\"https:\\\/\\\/boeselager-realschule.de\\\/#website\"},\"primaryImageOfPage\":{\"@id\":\"https:\\\/\\\/boeselager-realschule.de\\\/?p=10605#primaryimage\"},\"image\":{\"@id\":\"https:\\\/\\\/boeselager-realschule.de\\\/?p=10605#primaryimage\"},\"thumbnailUrl\":\"https:\\\/\\\/boeselager-realschule.de\\\/wp-content\\\/uploads\\\/2021\\\/11\\\/Selbstauskunft.jpg\",\"datePublished\":\"2021-11-14T15:10:51+00:00\",\"description\":\"Realschule plus, Ahrweiler, Boeselager Realschule, individuelle F\u00f6rderung, Wahlpflichtf\u00e4cher, internationale Partnerschaften, Arbeitsgemeinschaften, Bildung, Schulgemeinschaft\",\"breadcrumb\":{\"@id\":\"https:\\\/\\\/boeselager-realschule.de\\\/?p=10605#breadcrumb\"},\"inLanguage\":\"de\",\"potentialAction\":[{\"@type\":\"ReadAction\",\"target\":[\"https:\\\/\\\/boeselager-realschule.de\\\/?p=10605\"]}]},{\"@type\":\"ImageObject\",\"inLanguage\":\"de\",\"@id\":\"https:\\\/\\\/boeselager-realschule.de\\\/?p=10605#primaryimage\",\"url\":\"https:\\\/\\\/boeselager-realschule.de\\\/wp-content\\\/uploads\\\/2021\\\/11\\\/Selbstauskunft.jpg\",\"contentUrl\":\"https:\\\/\\\/boeselager-realschule.de\\\/wp-content\\\/uploads\\\/2021\\\/11\\\/Selbstauskunft.jpg\",\"width\":550,\"height\":440},{\"@type\":\"BreadcrumbList\",\"@id\":\"https:\\\/\\\/boeselager-realschule.de\\\/?p=10605#breadcrumb\",\"itemListElement\":[{\"@type\":\"ListItem\",\"position\":1,\"name\":\"Startseite\",\"item\":\"https:\\\/\\\/boeselager-realschule.de\\\/\"},{\"@type\":\"ListItem\",\"position\":2,\"name\":\"M\u00f6glichkeit der qualifizierten Selbstauskunft\"}]},{\"@type\":\"WebSite\",\"@id\":\"https:\\\/\\\/boeselager-realschule.de\\\/#website\",\"url\":\"https:\\\/\\\/boeselager-realschule.de\\\/\",\"name\":\"Philipp Freiherr von Boeselager Realschule plus Ahrweiler\",\"description\":\"\",\"publisher\":{\"@id\":\"https:\\\/\\\/boeselager-realschule.de\\\/#organization\"},\"potentialAction\":[{\"@type\":\"SearchAction\",\"target\":{\"@type\":\"EntryPoint\",\"urlTemplate\":\"https:\\\/\\\/boeselager-realschule.de\\\/?s={search_term_string}\"},\"query-input\":{\"@type\":\"PropertyValueSpecification\",\"valueRequired\":true,\"valueName\":\"search_term_string\"}}],\"inLanguage\":\"de\"},{\"@type\":\"Organization\",\"@id\":\"https:\\\/\\\/boeselager-realschule.de\\\/#organization\",\"name\":\"Philipp Freiherr von Boeselager Realschule plus Ahrweiler\",\"url\":\"https:\\\/\\\/boeselager-realschule.de\\\/\",\"logo\":{\"@type\":\"ImageObject\",\"inLanguage\":\"de\",\"@id\":\"https:\\\/\\\/boeselager-realschule.de\\\/#\\\/schema\\\/logo\\\/image\\\/\",\"url\":\"https:\\\/\\\/boeselager-realschule.de\\\/wp-content\\\/uploads\\\/2025\\\/02\\\/logo_280-gif.gif\",\"contentUrl\":\"https:\\\/\\\/boeselager-realschule.de\\\/wp-content\\\/uploads\\\/2025\\\/02\\\/logo_280-gif.gif\",\"width\":280,\"height\":226,\"caption\":\"Philipp Freiherr von Boeselager Realschule plus Ahrweiler\"},\"image\":{\"@id\":\"https:\\\/\\\/boeselager-realschule.de\\\/#\\\/schema\\\/logo\\\/image\\\/\"},\"sameAs\":[\"https:\\\/\\\/www.facebook.com\\\/rsplus\"]},{\"@type\":\"Person\",\"@id\":\"https:\\\/\\\/boeselager-realschule.de\\\/#\\\/schema\\\/person\\\/5dee4af139bfcd761fb95ababfd1d028\",\"name\":\"Ralf Breuer\",\"sameAs\":[\"http:\\\/\\\/www.breuer-info.de\"],\"url\":\"https:\\\/\\\/boeselager-realschule.de\\\/?author=5\"}]}<\/script>\n<!-- \/ Yoast SEO plugin. -->","yoast_head_json":{"title":"M\u00f6glichkeit der qualifizierten Selbstauskunft &#183; Philipp Freiherr von Boeselager Realschule plus Ahrweiler","description":"Realschule plus, Ahrweiler, Boeselager Realschule, individuelle F\u00f6rderung, Wahlpflichtf\u00e4cher, internationale Partnerschaften, Arbeitsgemeinschaften, Bildung, Schulgemeinschaft","robots":{"index":"index","follow":"follow","max-snippet":"max-snippet:-1","max-image-preview":"max-image-preview:large","max-video-preview":"max-video-preview:-1"},"canonical":"https:\/\/boeselager-realschule.de\/?p=10605","og_locale":"de_DE","og_type":"article","og_title":"M\u00f6glichkeit der qualifizierten Selbstauskunft &#183; Philipp Freiherr von Boeselager Realschule plus Ahrweiler","og_description":"Realschule plus, Ahrweiler, Boeselager Realschule, individuelle F\u00f6rderung, Wahlpflichtf\u00e4cher, internationale Partnerschaften, Arbeitsgemeinschaften, Bildung, Schulgemeinschaft","og_url":"https:\/\/boeselager-realschule.de\/?p=10605","og_site_name":"Philipp Freiherr von Boeselager Realschule plus Ahrweiler","article_publisher":"https:\/\/www.facebook.com\/rsplus","article_published_time":"2021-11-14T15:10:51+00:00","og_image":[{"url":"https:\/\/boeselager-realschule.de\/wp-content\/uploads\/2021\/11\/Selbstauskunft.jpg","type":"","width":"","height":""}],"author":"Ralf Breuer","twitter_card":"summary_large_image","twitter_misc":{"Verfasst von":"Ralf Breuer"},"schema":{"@context":"https:\/\/schema.org","@graph":[{"@type":"Article","@id":"https:\/\/boeselager-realschule.de\/?p=10605#article","isPartOf":{"@id":"https:\/\/boeselager-realschule.de\/?p=10605"},"author":{"name":"Ralf Breuer","@id":"https:\/\/boeselager-realschule.de\/#\/schema\/person\/5dee4af139bfcd761fb95ababfd1d028"},"headline":"M\u00f6glichkeit der qualifizierten Selbstauskunft","datePublished":"2021-11-14T15:10:51+00:00","mainEntityOfPage":{"@id":"https:\/\/boeselager-realschule.de\/?p=10605"},"wordCount":67,"publisher":{"@id":"https:\/\/boeselager-realschule.de\/#organization"},"image":{"@id":"https:\/\/boeselager-realschule.de\/?p=10605#primaryimage"},"thumbnailUrl":"https:\/\/boeselager-realschule.de\/wp-content\/uploads\/2021\/11\/Selbstauskunft.jpg","keywords":["Corona","Qualifizierte Selbstauskunft"],"articleSection":["Corona"],"inLanguage":"de"},{"@type":"WebPage","@id":"https:\/\/boeselager-realschule.de\/?p=10605","url":"https:\/\/boeselager-realschule.de\/?p=10605","name":"M\u00f6glichkeit der qualifizierten Selbstauskunft &#183; Philipp Freiherr von Boeselager Realschule plus Ahrweiler","isPartOf":{"@id":"https:\/\/boeselager-realschule.de\/#website"},"primaryImageOfPage":{"@id":"https:\/\/boeselager-realschule.de\/?p=10605#primaryimage"},"image":{"@id":"https:\/\/boeselager-realschule.de\/?p=10605#primaryimage"},"thumbnailUrl":"https:\/\/boeselager-realschule.de\/wp-content\/uploads\/2021\/11\/Selbstauskunft.jpg","datePublished":"2021-11-14T15:10:51+00:00","description":"Realschule plus, Ahrweiler, Boeselager Realschule, individuelle F\u00f6rderung, Wahlpflichtf\u00e4cher, internationale Partnerschaften, Arbeitsgemeinschaften, Bildung, Schulgemeinschaft","breadcrumb":{"@id":"https:\/\/boeselager-realschule.de\/?p=10605#breadcrumb"},"inLanguage":"de","potentialAction":[{"@type":"ReadAction","target":["https:\/\/boeselager-realschule.de\/?p=10605"]}]},{"@type":"ImageObject","inLanguage":"de","@id":"https:\/\/boeselager-realschule.de\/?p=10605#primaryimage","url":"https:\/\/boeselager-realschule.de\/wp-content\/uploads\/2021\/11\/Selbstauskunft.jpg","contentUrl":"https:\/\/boeselager-realschule.de\/wp-content\/uploads\/2021\/11\/Selbstauskunft.jpg","width":550,"height":440},{"@type":"BreadcrumbList","@id":"https:\/\/boeselager-realschule.de\/?p=10605#breadcrumb","itemListElement":[{"@type":"ListItem","position":1,"name":"Startseite","item":"https:\/\/boeselager-realschule.de\/"},{"@type":"ListItem","position":2,"name":"M\u00f6glichkeit der qualifizierten Selbstauskunft"}]},{"@type":"WebSite","@id":"https:\/\/boeselager-realschule.de\/#website","url":"https:\/\/boeselager-realschule.de\/","name":"Philipp Freiherr von Boeselager Realschule plus Ahrweiler","description":"","publisher":{"@id":"https:\/\/boeselager-realschule.de\/#organization"},"potentialAction":[{"@type":"SearchAction","target":{"@type":"EntryPoint","urlTemplate":"https:\/\/boeselager-realschule.de\/?s={search_term_string}"},"query-input":{"@type":"PropertyValueSpecification","valueRequired":true,"valueName":"search_term_string"}}],"inLanguage":"de"},{"@type":"Organization","@id":"https:\/\/boeselager-realschule.de\/#organization","name":"Philipp Freiherr von Boeselager Realschule plus Ahrweiler","url":"https:\/\/boeselager-realschule.de\/","logo":{"@type":"ImageObject","inLanguage":"de","@id":"https:\/\/boeselager-realschule.de\/#\/schema\/logo\/image\/","url":"https:\/\/boeselager-realschule.de\/wp-content\/uploads\/2025\/02\/logo_280-gif.gif","contentUrl":"https:\/\/boeselager-realschule.de\/wp-content\/uploads\/2025\/02\/logo_280-gif.gif","width":280,"height":226,"caption":"Philipp Freiherr von Boeselager Realschule plus Ahrweiler"},"image":{"@id":"https:\/\/boeselager-realschule.de\/#\/schema\/logo\/image\/"},"sameAs":["https:\/\/www.facebook.com\/rsplus"]},{"@type":"Person","@id":"https:\/\/boeselager-realschule.de\/#\/schema\/person\/5dee4af139bfcd761fb95ababfd1d028","name":"Ralf Breuer","sameAs":["http:\/\/www.breuer-info.de"],"url":"https:\/\/boeselager-realschule.de\/?author=5"}]}},"_links":{"self":[{"href":"https:\/\/boeselager-realschule.de\/index.php?rest_route=\/wp\/v2\/posts\/10605","targetHints":{"allow":["GET"]}}],"collection":[{"href":"https:\/\/boeselager-realschule.de\/index.php?rest_route=\/wp\/v2\/posts"}],"about":[{"href":"https:\/\/boeselager-realschule.de\/index.php?rest_route=\/wp\/v2\/types\/post"}],"author":[{"embeddable":true,"href":"https:\/\/boeselager-realschule.de\/index.php?rest_route=\/wp\/v2\/users\/5"}],"replies":[{"embeddable":true,"href":"https:\/\/boeselager-realschule.de\/index.php?rest_route=%2Fwp%2Fv2%2Fcomments&post=10605"}],"version-history":[{"count":1,"href":"https:\/\/boeselager-realschule.de\/index.php?rest_route=\/wp\/v2\/posts\/10605\/revisions"}],"predecessor-version":[{"id":10608,"href":"https:\/\/boeselager-realschule.de\/index.php?rest_route=\/wp\/v2\/posts\/10605\/revisions\/10608"}],"wp:attachment":[{"href":"https:\/\/boeselager-realschule.de\/index.php?rest_route=%2Fwp%2Fv2%2Fmedia&parent=10605"}],"wp:term":[{"taxonomy":"category","embeddable":true,"href":"https:\/\/boeselager-realschule.de\/index.php?rest_route=%2Fwp%2Fv2%2Fcategories&post=10605"},{"taxonomy":"post_tag","embeddable":true,"href":"https:\/\/boeselager-realschule.de\/index.php?rest_route=%2Fwp%2Fv2%2Ftags&post=10605"}],"curies":[{"name":"wp","href":"https:\/\/api.w.org\/{rel}","templated":true}]}}