{"id":10385,"date":"2021-07-10T10:21:30","date_gmt":"2021-07-10T08:21:30","guid":{"rendered":"https:\/\/boeselager-realschule.de\/?p=10385"},"modified":"2021-07-10T10:24:56","modified_gmt":"2021-07-10T08:24:56","slug":"sommerschule-2021","status":"publish","type":"post","link":"https:\/\/boeselager-realschule.de\/?p=10385","title":{"rendered":"Sommerschule 2021"},"content":{"rendered":"<p><strong><img loading=\"lazy\" decoding=\"async\" class=\"aligncenter wp-image-10386\" src=\"https:\/\/boeselager-realschule.de\/wp-content\/uploads\/2021\/07\/2021-Sommerschule-1024x433.jpg\" alt=\"\" width=\"555\" height=\"235\" srcset=\"https:\/\/boeselager-realschule.de\/wp-content\/uploads\/2021\/07\/2021-Sommerschule-1024x433.jpg 1024w, https:\/\/boeselager-realschule.de\/wp-content\/uploads\/2021\/07\/2021-Sommerschule-300x127.jpg 300w, https:\/\/boeselager-realschule.de\/wp-content\/uploads\/2021\/07\/2021-Sommerschule-768x325.jpg 768w, https:\/\/boeselager-realschule.de\/wp-content\/uploads\/2021\/07\/2021-Sommerschule.jpg 1475w\" sizes=\"auto, (max-width: 555px) 100vw, 555px\" \/><\/strong><\/p>\n<p><strong>Was ist die Sommerschule?<\/strong><br \/>\nDie Sommerschule ist ein gemeinsames Angebot von Bildungsministerium und Kommunen.<br \/>\nIn der Sommerschule k\u00f6nnen Sch\u00fclerinnen und Sch\u00fcler in den letzten beiden Wochen der Sommerferien in kleinen Lerngruppen (meistens 10 oder weniger) gemeinsam lernen,<br \/>\n\u00fcben und vertiefen. Man kann Dinge wiederholen, die man noch nicht so gut kann, Fragen stellen und Aufgaben l\u00f6sen. Und in den Pausen ist Zeit f\u00fcr Spiel und Spa\u00df. Es sind ja<br \/>\nimmerhin Ferien!<\/p>\n<p><strong>Wer kann mitmachen? Kostet das etwas?<\/strong><br \/>\nMitmachen k\u00f6nnen alle Kinder und Jugendlichen von der 1. bis zur 9. Klasse. Die Sommerschule ist kostenlos.<\/p>\n<p><strong>Wie lange dauern die Kurse?<\/strong><br \/>\nDie Kurse dauern 3 Stunden am Tag, meistens zwischen 9 und 12 Uhr. Normalerweise nehmen die Sch\u00fclerinnen und Sch\u00fcler eine Woche teil. Wenn es gen\u00fcgend Pl\u00e4tze gibt,<br \/>\nk\u00f6nnen sie aber auch zwei Wochen mitmachen.&nbsp;<\/p>\n<p><strong>Welche F\u00e4cher werden angeboten?<\/strong><br \/>\nVor allem Deutsch und Mathematik. Aber vor Ort k\u00f6nnen auch weitere F\u00e4cher, z. B. Englisch, angeboten werden. Man kann dazu bei der Anmeldung nachfragen.<\/p>\n<p><strong>Wer leitet die Kurse?<\/strong><br \/>\nDie meisten Kurse werden von Lehramtsstudentinnen und Lehramtsstudenten geleitet, au\u00dferdem von aktiven und pensionierten Lehrerinnen und Lehrern, Sch\u00fclerinnen und<br \/>\nSch\u00fclern der Oberstufen und p\u00e4dagogischem Personal.&nbsp;<\/p>\n<p><strong>Wo findet die Sommerschule statt und wie meldet man sich an?<\/strong><br \/>\nDie Sommerschule f\u00fcr unseren Bereich findet in der Don Bosco-Schule in Bad Neuenahr-Ahrweiler statt. Auf <a href=\"https:\/\/ferien.bildung-rp.de\/\" target=\"_blank\" rel=\"noopener\">www.ferien.bildung-rp.de<\/a> kann man die Angebote auch online finden.<\/p>\n<p><em>Wichtig: Anmelden k\u00f6nnen Sie Ihre Kinder nur bei den Ansprechpartnern der Kommunen, die Sie bei den einzelnen Angeboten finden.&nbsp;<\/em><\/p>\n","protected":false},"excerpt":{"rendered":"<p>Was ist die Sommerschule? Die Sommerschule ist ein gemeinsames Angebot von Bildungsministerium und Kommunen. In der Sommerschule k\u00f6nnen Sch\u00fclerinnen und Sch\u00fcler in den letzten beiden Wochen der Sommerferien in kleinen Lerngruppen (meistens 10 oder weniger) gemeinsam lernen, \u00fcben und vertiefen. Man kann Dinge wiederholen, die man noch nicht so gut kann, Fragen stellen und Aufgaben [&hellip;]<\/p>\n","protected":false},"author":5,"featured_media":0,"comment_status":"closed","ping_status":"open","sticky":false,"template":"","format":"standard","meta":{"ngg_post_thumbnail":0,"footnotes":""},"categories":[734],"tags":[815,814],"class_list":["post-10385","post","type-post","status-publish","format-standard","hentry","category-corona","tag-don-bosco","tag-sommerschule"],"yoast_head":"<!-- This site is optimized with the Yoast SEO plugin v28.3 - https:\/\/yoast.com\/product\/yoast-seo-wordpress\/ -->\n<title>Sommerschule 2021 &#183; Philipp Freiherr von Boeselager Realschule plus Ahrweiler<\/title>\n<meta name=\"description\" content=\"Realschule plus, Ahrweiler, Boeselager Realschule, individuelle F\u00f6rderung, Wahlpflichtf\u00e4cher, internationale Partnerschaften, Arbeitsgemeinschaften, Bildung, Schulgemeinschaft\" \/>\n<meta name=\"robots\" content=\"index, follow, max-snippet:-1, max-image-preview:large, max-video-preview:-1\" \/>\n<link rel=\"canonical\" href=\"https:\/\/boeselager-realschule.de\/?p=10385\" \/>\n<meta property=\"og:locale\" content=\"de_DE\" \/>\n<meta property=\"og:type\" content=\"article\" \/>\n<meta property=\"og:title\" content=\"Sommerschule 2021 &#183; Philipp Freiherr von Boeselager Realschule plus Ahrweiler\" \/>\n<meta property=\"og:description\" content=\"Realschule plus, Ahrweiler, Boeselager Realschule, individuelle F\u00f6rderung, Wahlpflichtf\u00e4cher, internationale Partnerschaften, Arbeitsgemeinschaften, Bildung, Schulgemeinschaft\" \/>\n<meta property=\"og:url\" content=\"https:\/\/boeselager-realschule.de\/?p=10385\" \/>\n<meta property=\"og:site_name\" content=\"Philipp Freiherr von Boeselager Realschule plus Ahrweiler\" \/>\n<meta property=\"article:publisher\" content=\"https:\/\/www.facebook.com\/rsplus\" \/>\n<meta property=\"article:published_time\" content=\"2021-07-10T08:21:30+00:00\" \/>\n<meta property=\"article:modified_time\" content=\"2021-07-10T08:24:56+00:00\" \/>\n<meta property=\"og:image\" content=\"https:\/\/boeselager-realschule.de\/wp-content\/uploads\/2021\/07\/2021-Sommerschule-1024x433.jpg\" \/>\n<meta name=\"author\" content=\"Ralf Breuer\" \/>\n<meta name=\"twitter:card\" content=\"summary_large_image\" \/>\n<meta name=\"twitter:label1\" content=\"Verfasst von\" \/>\n\t<meta name=\"twitter:data1\" content=\"Ralf Breuer\" \/>\n\t<meta name=\"twitter:label2\" content=\"Gesch\u00e4tzte Lesezeit\" \/>\n\t<meta name=\"twitter:data2\" content=\"1\u00a0Minute\" \/>\n<script type=\"application\/ld+json\" class=\"yoast-schema-graph\">{\"@context\":\"https:\\\/\\\/schema.org\",\"@graph\":[{\"@type\":\"Article\",\"@id\":\"https:\\\/\\\/boeselager-realschule.de\\\/?p=10385#article\",\"isPartOf\":{\"@id\":\"https:\\\/\\\/boeselager-realschule.de\\\/?p=10385\"},\"author\":{\"name\":\"Ralf Breuer\",\"@id\":\"https:\\\/\\\/boeselager-realschule.de\\\/#\\\/schema\\\/person\\\/5dee4af139bfcd761fb95ababfd1d028\"},\"headline\":\"Sommerschule 2021\",\"datePublished\":\"2021-07-10T08:21:30+00:00\",\"dateModified\":\"2021-07-10T08:24:56+00:00\",\"mainEntityOfPage\":{\"@id\":\"https:\\\/\\\/boeselager-realschule.de\\\/?p=10385\"},\"wordCount\":264,\"publisher\":{\"@id\":\"https:\\\/\\\/boeselager-realschule.de\\\/#organization\"},\"image\":{\"@id\":\"https:\\\/\\\/boeselager-realschule.de\\\/?p=10385#primaryimage\"},\"thumbnailUrl\":\"https:\\\/\\\/boeselager-realschule.de\\\/wp-content\\\/uploads\\\/2021\\\/07\\\/2021-Sommerschule-1024x433.jpg\",\"keywords\":[\"Don Bosco\",\"Sommerschule\"],\"articleSection\":[\"Corona\"],\"inLanguage\":\"de\"},{\"@type\":\"WebPage\",\"@id\":\"https:\\\/\\\/boeselager-realschule.de\\\/?p=10385\",\"url\":\"https:\\\/\\\/boeselager-realschule.de\\\/?p=10385\",\"name\":\"Sommerschule 2021 &#183; Philipp Freiherr von Boeselager Realschule plus Ahrweiler\",\"isPartOf\":{\"@id\":\"https:\\\/\\\/boeselager-realschule.de\\\/#website\"},\"primaryImageOfPage\":{\"@id\":\"https:\\\/\\\/boeselager-realschule.de\\\/?p=10385#primaryimage\"},\"image\":{\"@id\":\"https:\\\/\\\/boeselager-realschule.de\\\/?p=10385#primaryimage\"},\"thumbnailUrl\":\"https:\\\/\\\/boeselager-realschule.de\\\/wp-content\\\/uploads\\\/2021\\\/07\\\/2021-Sommerschule-1024x433.jpg\",\"datePublished\":\"2021-07-10T08:21:30+00:00\",\"dateModified\":\"2021-07-10T08:24:56+00:00\",\"description\":\"Realschule plus, Ahrweiler, Boeselager Realschule, individuelle F\u00f6rderung, Wahlpflichtf\u00e4cher, internationale Partnerschaften, Arbeitsgemeinschaften, Bildung, Schulgemeinschaft\",\"breadcrumb\":{\"@id\":\"https:\\\/\\\/boeselager-realschule.de\\\/?p=10385#breadcrumb\"},\"inLanguage\":\"de\",\"potentialAction\":[{\"@type\":\"ReadAction\",\"target\":[\"https:\\\/\\\/boeselager-realschule.de\\\/?p=10385\"]}]},{\"@type\":\"ImageObject\",\"inLanguage\":\"de\",\"@id\":\"https:\\\/\\\/boeselager-realschule.de\\\/?p=10385#primaryimage\",\"url\":\"https:\\\/\\\/boeselager-realschule.de\\\/wp-content\\\/uploads\\\/2021\\\/07\\\/2021-Sommerschule.jpg\",\"contentUrl\":\"https:\\\/\\\/boeselager-realschule.de\\\/wp-content\\\/uploads\\\/2021\\\/07\\\/2021-Sommerschule.jpg\",\"width\":1475,\"height\":624},{\"@type\":\"BreadcrumbList\",\"@id\":\"https:\\\/\\\/boeselager-realschule.de\\\/?p=10385#breadcrumb\",\"itemListElement\":[{\"@type\":\"ListItem\",\"position\":1,\"name\":\"Startseite\",\"item\":\"https:\\\/\\\/boeselager-realschule.de\\\/\"},{\"@type\":\"ListItem\",\"position\":2,\"name\":\"Sommerschule 2021\"}]},{\"@type\":\"WebSite\",\"@id\":\"https:\\\/\\\/boeselager-realschule.de\\\/#website\",\"url\":\"https:\\\/\\\/boeselager-realschule.de\\\/\",\"name\":\"Philipp Freiherr von Boeselager Realschule plus Ahrweiler\",\"description\":\"\",\"publisher\":{\"@id\":\"https:\\\/\\\/boeselager-realschule.de\\\/#organization\"},\"potentialAction\":[{\"@type\":\"SearchAction\",\"target\":{\"@type\":\"EntryPoint\",\"urlTemplate\":\"https:\\\/\\\/boeselager-realschule.de\\\/?s={search_term_string}\"},\"query-input\":{\"@type\":\"PropertyValueSpecification\",\"valueRequired\":true,\"valueName\":\"search_term_string\"}}],\"inLanguage\":\"de\"},{\"@type\":\"Organization\",\"@id\":\"https:\\\/\\\/boeselager-realschule.de\\\/#organization\",\"name\":\"Philipp Freiherr von Boeselager Realschule plus Ahrweiler\",\"url\":\"https:\\\/\\\/boeselager-realschule.de\\\/\",\"logo\":{\"@type\":\"ImageObject\",\"inLanguage\":\"de\",\"@id\":\"https:\\\/\\\/boeselager-realschule.de\\\/#\\\/schema\\\/logo\\\/image\\\/\",\"url\":\"https:\\\/\\\/boeselager-realschule.de\\\/wp-content\\\/uploads\\\/2025\\\/02\\\/logo_280-gif.gif\",\"contentUrl\":\"https:\\\/\\\/boeselager-realschule.de\\\/wp-content\\\/uploads\\\/2025\\\/02\\\/logo_280-gif.gif\",\"width\":280,\"height\":226,\"caption\":\"Philipp Freiherr von Boeselager Realschule plus Ahrweiler\"},\"image\":{\"@id\":\"https:\\\/\\\/boeselager-realschule.de\\\/#\\\/schema\\\/logo\\\/image\\\/\"},\"sameAs\":[\"https:\\\/\\\/www.facebook.com\\\/rsplus\"]},{\"@type\":\"Person\",\"@id\":\"https:\\\/\\\/boeselager-realschule.de\\\/#\\\/schema\\\/person\\\/5dee4af139bfcd761fb95ababfd1d028\",\"name\":\"Ralf Breuer\",\"sameAs\":[\"http:\\\/\\\/www.breuer-info.de\"],\"url\":\"https:\\\/\\\/boeselager-realschule.de\\\/?author=5\"}]}<\/script>\n<!-- \/ Yoast SEO plugin. -->","yoast_head_json":{"title":"Sommerschule 2021 &#183; Philipp Freiherr von Boeselager Realschule plus Ahrweiler","description":"Realschule plus, Ahrweiler, Boeselager Realschule, individuelle F\u00f6rderung, Wahlpflichtf\u00e4cher, internationale Partnerschaften, Arbeitsgemeinschaften, Bildung, Schulgemeinschaft","robots":{"index":"index","follow":"follow","max-snippet":"max-snippet:-1","max-image-preview":"max-image-preview:large","max-video-preview":"max-video-preview:-1"},"canonical":"https:\/\/boeselager-realschule.de\/?p=10385","og_locale":"de_DE","og_type":"article","og_title":"Sommerschule 2021 &#183; Philipp Freiherr von Boeselager Realschule plus Ahrweiler","og_description":"Realschule plus, Ahrweiler, Boeselager Realschule, individuelle F\u00f6rderung, Wahlpflichtf\u00e4cher, internationale Partnerschaften, Arbeitsgemeinschaften, Bildung, Schulgemeinschaft","og_url":"https:\/\/boeselager-realschule.de\/?p=10385","og_site_name":"Philipp Freiherr von Boeselager Realschule plus Ahrweiler","article_publisher":"https:\/\/www.facebook.com\/rsplus","article_published_time":"2021-07-10T08:21:30+00:00","article_modified_time":"2021-07-10T08:24:56+00:00","og_image":[{"url":"https:\/\/boeselager-realschule.de\/wp-content\/uploads\/2021\/07\/2021-Sommerschule-1024x433.jpg","type":"","width":"","height":""}],"author":"Ralf Breuer","twitter_card":"summary_large_image","twitter_misc":{"Verfasst von":"Ralf Breuer","Gesch\u00e4tzte Lesezeit":"1\u00a0Minute"},"schema":{"@context":"https:\/\/schema.org","@graph":[{"@type":"Article","@id":"https:\/\/boeselager-realschule.de\/?p=10385#article","isPartOf":{"@id":"https:\/\/boeselager-realschule.de\/?p=10385"},"author":{"name":"Ralf Breuer","@id":"https:\/\/boeselager-realschule.de\/#\/schema\/person\/5dee4af139bfcd761fb95ababfd1d028"},"headline":"Sommerschule 2021","datePublished":"2021-07-10T08:21:30+00:00","dateModified":"2021-07-10T08:24:56+00:00","mainEntityOfPage":{"@id":"https:\/\/boeselager-realschule.de\/?p=10385"},"wordCount":264,"publisher":{"@id":"https:\/\/boeselager-realschule.de\/#organization"},"image":{"@id":"https:\/\/boeselager-realschule.de\/?p=10385#primaryimage"},"thumbnailUrl":"https:\/\/boeselager-realschule.de\/wp-content\/uploads\/2021\/07\/2021-Sommerschule-1024x433.jpg","keywords":["Don Bosco","Sommerschule"],"articleSection":["Corona"],"inLanguage":"de"},{"@type":"WebPage","@id":"https:\/\/boeselager-realschule.de\/?p=10385","url":"https:\/\/boeselager-realschule.de\/?p=10385","name":"Sommerschule 2021 &#183; Philipp Freiherr von Boeselager Realschule plus Ahrweiler","isPartOf":{"@id":"https:\/\/boeselager-realschule.de\/#website"},"primaryImageOfPage":{"@id":"https:\/\/boeselager-realschule.de\/?p=10385#primaryimage"},"image":{"@id":"https:\/\/boeselager-realschule.de\/?p=10385#primaryimage"},"thumbnailUrl":"https:\/\/boeselager-realschule.de\/wp-content\/uploads\/2021\/07\/2021-Sommerschule-1024x433.jpg","datePublished":"2021-07-10T08:21:30+00:00","dateModified":"2021-07-10T08:24:56+00:00","description":"Realschule plus, Ahrweiler, Boeselager Realschule, individuelle F\u00f6rderung, Wahlpflichtf\u00e4cher, internationale Partnerschaften, Arbeitsgemeinschaften, Bildung, Schulgemeinschaft","breadcrumb":{"@id":"https:\/\/boeselager-realschule.de\/?p=10385#breadcrumb"},"inLanguage":"de","potentialAction":[{"@type":"ReadAction","target":["https:\/\/boeselager-realschule.de\/?p=10385"]}]},{"@type":"ImageObject","inLanguage":"de","@id":"https:\/\/boeselager-realschule.de\/?p=10385#primaryimage","url":"https:\/\/boeselager-realschule.de\/wp-content\/uploads\/2021\/07\/2021-Sommerschule.jpg","contentUrl":"https:\/\/boeselager-realschule.de\/wp-content\/uploads\/2021\/07\/2021-Sommerschule.jpg","width":1475,"height":624},{"@type":"BreadcrumbList","@id":"https:\/\/boeselager-realschule.de\/?p=10385#breadcrumb","itemListElement":[{"@type":"ListItem","position":1,"name":"Startseite","item":"https:\/\/boeselager-realschule.de\/"},{"@type":"ListItem","position":2,"name":"Sommerschule 2021"}]},{"@type":"WebSite","@id":"https:\/\/boeselager-realschule.de\/#website","url":"https:\/\/boeselager-realschule.de\/","name":"Philipp Freiherr von Boeselager Realschule plus Ahrweiler","description":"","publisher":{"@id":"https:\/\/boeselager-realschule.de\/#organization"},"potentialAction":[{"@type":"SearchAction","target":{"@type":"EntryPoint","urlTemplate":"https:\/\/boeselager-realschule.de\/?s={search_term_string}"},"query-input":{"@type":"PropertyValueSpecification","valueRequired":true,"valueName":"search_term_string"}}],"inLanguage":"de"},{"@type":"Organization","@id":"https:\/\/boeselager-realschule.de\/#organization","name":"Philipp Freiherr von Boeselager Realschule plus Ahrweiler","url":"https:\/\/boeselager-realschule.de\/","logo":{"@type":"ImageObject","inLanguage":"de","@id":"https:\/\/boeselager-realschule.de\/#\/schema\/logo\/image\/","url":"https:\/\/boeselager-realschule.de\/wp-content\/uploads\/2025\/02\/logo_280-gif.gif","contentUrl":"https:\/\/boeselager-realschule.de\/wp-content\/uploads\/2025\/02\/logo_280-gif.gif","width":280,"height":226,"caption":"Philipp Freiherr von Boeselager Realschule plus Ahrweiler"},"image":{"@id":"https:\/\/boeselager-realschule.de\/#\/schema\/logo\/image\/"},"sameAs":["https:\/\/www.facebook.com\/rsplus"]},{"@type":"Person","@id":"https:\/\/boeselager-realschule.de\/#\/schema\/person\/5dee4af139bfcd761fb95ababfd1d028","name":"Ralf Breuer","sameAs":["http:\/\/www.breuer-info.de"],"url":"https:\/\/boeselager-realschule.de\/?author=5"}]}},"_links":{"self":[{"href":"https:\/\/boeselager-realschule.de\/index.php?rest_route=\/wp\/v2\/posts\/10385","targetHints":{"allow":["GET"]}}],"collection":[{"href":"https:\/\/boeselager-realschule.de\/index.php?rest_route=\/wp\/v2\/posts"}],"about":[{"href":"https:\/\/boeselager-realschule.de\/index.php?rest_route=\/wp\/v2\/types\/post"}],"author":[{"embeddable":true,"href":"https:\/\/boeselager-realschule.de\/index.php?rest_route=\/wp\/v2\/users\/5"}],"replies":[{"embeddable":true,"href":"https:\/\/boeselager-realschule.de\/index.php?rest_route=%2Fwp%2Fv2%2Fcomments&post=10385"}],"version-history":[{"count":3,"href":"https:\/\/boeselager-realschule.de\/index.php?rest_route=\/wp\/v2\/posts\/10385\/revisions"}],"predecessor-version":[{"id":10389,"href":"https:\/\/boeselager-realschule.de\/index.php?rest_route=\/wp\/v2\/posts\/10385\/revisions\/10389"}],"wp:attachment":[{"href":"https:\/\/boeselager-realschule.de\/index.php?rest_route=%2Fwp%2Fv2%2Fmedia&parent=10385"}],"wp:term":[{"taxonomy":"category","embeddable":true,"href":"https:\/\/boeselager-realschule.de\/index.php?rest_route=%2Fwp%2Fv2%2Fcategories&post=10385"},{"taxonomy":"post_tag","embeddable":true,"href":"https:\/\/boeselager-realschule.de\/index.php?rest_route=%2Fwp%2Fv2%2Ftags&post=10385"}],"curies":[{"name":"wp","href":"https:\/\/api.w.org\/{rel}","templated":true}]}}