{"id":10193,"date":"2021-02-11T10:37:44","date_gmt":"2021-02-11T09:37:44","guid":{"rendered":"https:\/\/boeselager-realschule.de\/?p=10193"},"modified":"2021-02-27T10:44:40","modified_gmt":"2021-02-27T09:44:40","slug":"aktuell-weiter-fernunterricht","status":"publish","type":"post","link":"https:\/\/boeselager-realschule.de\/?p=10193","title":{"rendered":"Aktuell: Weiter Fernunterricht&#8230;"},"content":{"rendered":"<p><em><strong>Aktuell &#8211; Stand 11.02.2021 &#8211; 10:30 Uhr: <\/strong><\/em><\/p>\n<p>F\u00fcr Sch\u00fclerinnen und Sch\u00fcler der Jahrgangsstufen 5 bis 13 wird der Fernunterricht fortgesetzt.<br \/>\nWenn es das Infektionsgeschehen und die weiteren Entwicklungen zulassen, sollen alle Jahrg\u00e4nge im Wechselunterricht bald wieder in die Schulen kommen.<br \/>\nDie Notbetreuung bleibt bestehen.<\/p>\n<p>Hierzu gibt es jetzt einen Elternbrief der Bildungsministerin:<\/p>\n<div id=\"attachment_10202\" style=\"width: 310px\" class=\"wp-caption aligncenter\"><a href=\"https:\/\/boeselager-realschule.de\/wp-content\/uploads\/2021\/02\/Elternschreiben-11.02.2021.pdf\" target=\"_blank\" rel=\"noopener\"><img loading=\"lazy\" decoding=\"async\" aria-describedby=\"caption-attachment-10202\" class=\"wp-image-10202 size-medium\" src=\"https:\/\/boeselager-realschule.de\/wp-content\/uploads\/2021\/02\/2021-02-11-Brief-300x253.jpg\" alt=\"Elternbrief der Ministerin - klicken...\" width=\"300\" height=\"253\" srcset=\"https:\/\/boeselager-realschule.de\/wp-content\/uploads\/2021\/02\/2021-02-11-Brief-300x253.jpg 300w, https:\/\/boeselager-realschule.de\/wp-content\/uploads\/2021\/02\/2021-02-11-Brief-768x647.jpg 768w, https:\/\/boeselager-realschule.de\/wp-content\/uploads\/2021\/02\/2021-02-11-Brief.jpg 801w\" sizes=\"auto, (max-width: 300px) 100vw, 300px\" \/><\/a><p id=\"caption-attachment-10202\" class=\"wp-caption-text\">Elternbrief der Ministerin &#8211; klicken&#8230;<\/p><\/div>\n<p>&nbsp;<\/p>\n","protected":false},"excerpt":{"rendered":"<p>Aktuell &#8211; Stand 11.02.2021 &#8211; 10:30 Uhr: F\u00fcr Sch\u00fclerinnen und Sch\u00fcler der Jahrgangsstufen 5 bis 13 wird der Fernunterricht fortgesetzt. Wenn es das Infektionsgeschehen und die weiteren Entwicklungen zulassen, sollen alle Jahrg\u00e4nge im Wechselunterricht bald wieder in die Schulen kommen. Die Notbetreuung bleibt bestehen. Hierzu gibt es jetzt einen Elternbrief der Bildungsministerin: &nbsp;<\/p>\n","protected":false},"author":5,"featured_media":0,"comment_status":"closed","ping_status":"open","sticky":false,"template":"","format":"standard","meta":{"ngg_post_thumbnail":0,"footnotes":""},"categories":[734],"tags":[777,784],"class_list":["post-10193","post","type-post","status-publish","format-standard","hentry","category-corona","tag-fernunterricht","tag-infektionsgeschehen"],"yoast_head":"<!-- This site is optimized with the Yoast SEO plugin v28.3 - https:\/\/yoast.com\/product\/yoast-seo-wordpress\/ -->\n<title>Aktuell: Weiter Fernunterricht... &#183; Philipp Freiherr von Boeselager Realschule plus Ahrweiler<\/title>\n<meta name=\"description\" content=\"Realschule plus, Ahrweiler, Boeselager Realschule, individuelle F\u00f6rderung, Wahlpflichtf\u00e4cher, internationale Partnerschaften, Arbeitsgemeinschaften, Bildung, Schulgemeinschaft\" \/>\n<meta name=\"robots\" content=\"index, follow, max-snippet:-1, max-image-preview:large, max-video-preview:-1\" \/>\n<link rel=\"canonical\" href=\"https:\/\/boeselager-realschule.de\/?p=10193\" \/>\n<meta property=\"og:locale\" content=\"de_DE\" \/>\n<meta property=\"og:type\" content=\"article\" \/>\n<meta property=\"og:title\" content=\"Aktuell: Weiter Fernunterricht... &#183; Philipp Freiherr von Boeselager Realschule plus Ahrweiler\" \/>\n<meta property=\"og:description\" content=\"Realschule plus, Ahrweiler, Boeselager Realschule, individuelle F\u00f6rderung, Wahlpflichtf\u00e4cher, internationale Partnerschaften, Arbeitsgemeinschaften, Bildung, Schulgemeinschaft\" \/>\n<meta property=\"og:url\" content=\"https:\/\/boeselager-realschule.de\/?p=10193\" \/>\n<meta property=\"og:site_name\" content=\"Philipp Freiherr von Boeselager Realschule plus Ahrweiler\" \/>\n<meta property=\"article:publisher\" content=\"https:\/\/www.facebook.com\/rsplus\" \/>\n<meta property=\"article:published_time\" content=\"2021-02-11T09:37:44+00:00\" \/>\n<meta property=\"article:modified_time\" content=\"2021-02-27T09:44:40+00:00\" \/>\n<meta property=\"og:image\" content=\"https:\/\/boeselager-realschule.de\/wp-content\/uploads\/2021\/02\/2021-02-11-Brief-300x253.jpg\" \/>\n<meta name=\"author\" content=\"Ralf Breuer\" \/>\n<meta name=\"twitter:card\" content=\"summary_large_image\" \/>\n<meta name=\"twitter:label1\" content=\"Verfasst von\" \/>\n\t<meta name=\"twitter:data1\" content=\"Ralf Breuer\" \/>\n<script type=\"application\/ld+json\" class=\"yoast-schema-graph\">{\"@context\":\"https:\\\/\\\/schema.org\",\"@graph\":[{\"@type\":\"Article\",\"@id\":\"https:\\\/\\\/boeselager-realschule.de\\\/?p=10193#article\",\"isPartOf\":{\"@id\":\"https:\\\/\\\/boeselager-realschule.de\\\/?p=10193\"},\"author\":{\"name\":\"Ralf Breuer\",\"@id\":\"https:\\\/\\\/boeselager-realschule.de\\\/#\\\/schema\\\/person\\\/5dee4af139bfcd761fb95ababfd1d028\"},\"headline\":\"Aktuell: Weiter Fernunterricht&#8230;\",\"datePublished\":\"2021-02-11T09:37:44+00:00\",\"dateModified\":\"2021-02-27T09:44:40+00:00\",\"mainEntityOfPage\":{\"@id\":\"https:\\\/\\\/boeselager-realschule.de\\\/?p=10193\"},\"wordCount\":68,\"publisher\":{\"@id\":\"https:\\\/\\\/boeselager-realschule.de\\\/#organization\"},\"image\":{\"@id\":\"https:\\\/\\\/boeselager-realschule.de\\\/?p=10193#primaryimage\"},\"thumbnailUrl\":\"https:\\\/\\\/boeselager-realschule.de\\\/wp-content\\\/uploads\\\/2021\\\/02\\\/2021-02-11-Brief-300x253.jpg\",\"keywords\":[\"Fernunterricht\",\"Infektionsgeschehen\"],\"articleSection\":[\"Corona\"],\"inLanguage\":\"de\"},{\"@type\":\"WebPage\",\"@id\":\"https:\\\/\\\/boeselager-realschule.de\\\/?p=10193\",\"url\":\"https:\\\/\\\/boeselager-realschule.de\\\/?p=10193\",\"name\":\"Aktuell: Weiter Fernunterricht... &#183; Philipp Freiherr von Boeselager Realschule plus Ahrweiler\",\"isPartOf\":{\"@id\":\"https:\\\/\\\/boeselager-realschule.de\\\/#website\"},\"primaryImageOfPage\":{\"@id\":\"https:\\\/\\\/boeselager-realschule.de\\\/?p=10193#primaryimage\"},\"image\":{\"@id\":\"https:\\\/\\\/boeselager-realschule.de\\\/?p=10193#primaryimage\"},\"thumbnailUrl\":\"https:\\\/\\\/boeselager-realschule.de\\\/wp-content\\\/uploads\\\/2021\\\/02\\\/2021-02-11-Brief-300x253.jpg\",\"datePublished\":\"2021-02-11T09:37:44+00:00\",\"dateModified\":\"2021-02-27T09:44:40+00:00\",\"description\":\"Realschule plus, Ahrweiler, Boeselager Realschule, individuelle F\u00f6rderung, Wahlpflichtf\u00e4cher, internationale Partnerschaften, Arbeitsgemeinschaften, Bildung, Schulgemeinschaft\",\"breadcrumb\":{\"@id\":\"https:\\\/\\\/boeselager-realschule.de\\\/?p=10193#breadcrumb\"},\"inLanguage\":\"de\",\"potentialAction\":[{\"@type\":\"ReadAction\",\"target\":[\"https:\\\/\\\/boeselager-realschule.de\\\/?p=10193\"]}]},{\"@type\":\"ImageObject\",\"inLanguage\":\"de\",\"@id\":\"https:\\\/\\\/boeselager-realschule.de\\\/?p=10193#primaryimage\",\"url\":\"https:\\\/\\\/boeselager-realschule.de\\\/wp-content\\\/uploads\\\/2021\\\/02\\\/2021-02-11-Brief.jpg\",\"contentUrl\":\"https:\\\/\\\/boeselager-realschule.de\\\/wp-content\\\/uploads\\\/2021\\\/02\\\/2021-02-11-Brief.jpg\",\"width\":801,\"height\":675},{\"@type\":\"BreadcrumbList\",\"@id\":\"https:\\\/\\\/boeselager-realschule.de\\\/?p=10193#breadcrumb\",\"itemListElement\":[{\"@type\":\"ListItem\",\"position\":1,\"name\":\"Startseite\",\"item\":\"https:\\\/\\\/boeselager-realschule.de\\\/\"},{\"@type\":\"ListItem\",\"position\":2,\"name\":\"Aktuell: Weiter Fernunterricht&#8230;\"}]},{\"@type\":\"WebSite\",\"@id\":\"https:\\\/\\\/boeselager-realschule.de\\\/#website\",\"url\":\"https:\\\/\\\/boeselager-realschule.de\\\/\",\"name\":\"Philipp Freiherr von Boeselager Realschule plus Ahrweiler\",\"description\":\"\",\"publisher\":{\"@id\":\"https:\\\/\\\/boeselager-realschule.de\\\/#organization\"},\"potentialAction\":[{\"@type\":\"SearchAction\",\"target\":{\"@type\":\"EntryPoint\",\"urlTemplate\":\"https:\\\/\\\/boeselager-realschule.de\\\/?s={search_term_string}\"},\"query-input\":{\"@type\":\"PropertyValueSpecification\",\"valueRequired\":true,\"valueName\":\"search_term_string\"}}],\"inLanguage\":\"de\"},{\"@type\":\"Organization\",\"@id\":\"https:\\\/\\\/boeselager-realschule.de\\\/#organization\",\"name\":\"Philipp Freiherr von Boeselager Realschule plus Ahrweiler\",\"url\":\"https:\\\/\\\/boeselager-realschule.de\\\/\",\"logo\":{\"@type\":\"ImageObject\",\"inLanguage\":\"de\",\"@id\":\"https:\\\/\\\/boeselager-realschule.de\\\/#\\\/schema\\\/logo\\\/image\\\/\",\"url\":\"https:\\\/\\\/boeselager-realschule.de\\\/wp-content\\\/uploads\\\/2025\\\/02\\\/logo_280-gif.gif\",\"contentUrl\":\"https:\\\/\\\/boeselager-realschule.de\\\/wp-content\\\/uploads\\\/2025\\\/02\\\/logo_280-gif.gif\",\"width\":280,\"height\":226,\"caption\":\"Philipp Freiherr von Boeselager Realschule plus Ahrweiler\"},\"image\":{\"@id\":\"https:\\\/\\\/boeselager-realschule.de\\\/#\\\/schema\\\/logo\\\/image\\\/\"},\"sameAs\":[\"https:\\\/\\\/www.facebook.com\\\/rsplus\"]},{\"@type\":\"Person\",\"@id\":\"https:\\\/\\\/boeselager-realschule.de\\\/#\\\/schema\\\/person\\\/5dee4af139bfcd761fb95ababfd1d028\",\"name\":\"Ralf Breuer\",\"sameAs\":[\"http:\\\/\\\/www.breuer-info.de\"],\"url\":\"https:\\\/\\\/boeselager-realschule.de\\\/?author=5\"}]}<\/script>\n<!-- \/ Yoast SEO plugin. -->","yoast_head_json":{"title":"Aktuell: Weiter Fernunterricht... &#183; Philipp Freiherr von Boeselager Realschule plus Ahrweiler","description":"Realschule plus, Ahrweiler, Boeselager Realschule, individuelle F\u00f6rderung, Wahlpflichtf\u00e4cher, internationale Partnerschaften, Arbeitsgemeinschaften, Bildung, Schulgemeinschaft","robots":{"index":"index","follow":"follow","max-snippet":"max-snippet:-1","max-image-preview":"max-image-preview:large","max-video-preview":"max-video-preview:-1"},"canonical":"https:\/\/boeselager-realschule.de\/?p=10193","og_locale":"de_DE","og_type":"article","og_title":"Aktuell: Weiter Fernunterricht... &#183; Philipp Freiherr von Boeselager Realschule plus Ahrweiler","og_description":"Realschule plus, Ahrweiler, Boeselager Realschule, individuelle F\u00f6rderung, Wahlpflichtf\u00e4cher, internationale Partnerschaften, Arbeitsgemeinschaften, Bildung, Schulgemeinschaft","og_url":"https:\/\/boeselager-realschule.de\/?p=10193","og_site_name":"Philipp Freiherr von Boeselager Realschule plus Ahrweiler","article_publisher":"https:\/\/www.facebook.com\/rsplus","article_published_time":"2021-02-11T09:37:44+00:00","article_modified_time":"2021-02-27T09:44:40+00:00","og_image":[{"url":"https:\/\/boeselager-realschule.de\/wp-content\/uploads\/2021\/02\/2021-02-11-Brief-300x253.jpg","type":"","width":"","height":""}],"author":"Ralf Breuer","twitter_card":"summary_large_image","twitter_misc":{"Verfasst von":"Ralf Breuer"},"schema":{"@context":"https:\/\/schema.org","@graph":[{"@type":"Article","@id":"https:\/\/boeselager-realschule.de\/?p=10193#article","isPartOf":{"@id":"https:\/\/boeselager-realschule.de\/?p=10193"},"author":{"name":"Ralf Breuer","@id":"https:\/\/boeselager-realschule.de\/#\/schema\/person\/5dee4af139bfcd761fb95ababfd1d028"},"headline":"Aktuell: Weiter Fernunterricht&#8230;","datePublished":"2021-02-11T09:37:44+00:00","dateModified":"2021-02-27T09:44:40+00:00","mainEntityOfPage":{"@id":"https:\/\/boeselager-realschule.de\/?p=10193"},"wordCount":68,"publisher":{"@id":"https:\/\/boeselager-realschule.de\/#organization"},"image":{"@id":"https:\/\/boeselager-realschule.de\/?p=10193#primaryimage"},"thumbnailUrl":"https:\/\/boeselager-realschule.de\/wp-content\/uploads\/2021\/02\/2021-02-11-Brief-300x253.jpg","keywords":["Fernunterricht","Infektionsgeschehen"],"articleSection":["Corona"],"inLanguage":"de"},{"@type":"WebPage","@id":"https:\/\/boeselager-realschule.de\/?p=10193","url":"https:\/\/boeselager-realschule.de\/?p=10193","name":"Aktuell: Weiter Fernunterricht... &#183; Philipp Freiherr von Boeselager Realschule plus Ahrweiler","isPartOf":{"@id":"https:\/\/boeselager-realschule.de\/#website"},"primaryImageOfPage":{"@id":"https:\/\/boeselager-realschule.de\/?p=10193#primaryimage"},"image":{"@id":"https:\/\/boeselager-realschule.de\/?p=10193#primaryimage"},"thumbnailUrl":"https:\/\/boeselager-realschule.de\/wp-content\/uploads\/2021\/02\/2021-02-11-Brief-300x253.jpg","datePublished":"2021-02-11T09:37:44+00:00","dateModified":"2021-02-27T09:44:40+00:00","description":"Realschule plus, Ahrweiler, Boeselager Realschule, individuelle F\u00f6rderung, Wahlpflichtf\u00e4cher, internationale Partnerschaften, Arbeitsgemeinschaften, Bildung, Schulgemeinschaft","breadcrumb":{"@id":"https:\/\/boeselager-realschule.de\/?p=10193#breadcrumb"},"inLanguage":"de","potentialAction":[{"@type":"ReadAction","target":["https:\/\/boeselager-realschule.de\/?p=10193"]}]},{"@type":"ImageObject","inLanguage":"de","@id":"https:\/\/boeselager-realschule.de\/?p=10193#primaryimage","url":"https:\/\/boeselager-realschule.de\/wp-content\/uploads\/2021\/02\/2021-02-11-Brief.jpg","contentUrl":"https:\/\/boeselager-realschule.de\/wp-content\/uploads\/2021\/02\/2021-02-11-Brief.jpg","width":801,"height":675},{"@type":"BreadcrumbList","@id":"https:\/\/boeselager-realschule.de\/?p=10193#breadcrumb","itemListElement":[{"@type":"ListItem","position":1,"name":"Startseite","item":"https:\/\/boeselager-realschule.de\/"},{"@type":"ListItem","position":2,"name":"Aktuell: Weiter Fernunterricht&#8230;"}]},{"@type":"WebSite","@id":"https:\/\/boeselager-realschule.de\/#website","url":"https:\/\/boeselager-realschule.de\/","name":"Philipp Freiherr von Boeselager Realschule plus Ahrweiler","description":"","publisher":{"@id":"https:\/\/boeselager-realschule.de\/#organization"},"potentialAction":[{"@type":"SearchAction","target":{"@type":"EntryPoint","urlTemplate":"https:\/\/boeselager-realschule.de\/?s={search_term_string}"},"query-input":{"@type":"PropertyValueSpecification","valueRequired":true,"valueName":"search_term_string"}}],"inLanguage":"de"},{"@type":"Organization","@id":"https:\/\/boeselager-realschule.de\/#organization","name":"Philipp Freiherr von Boeselager Realschule plus Ahrweiler","url":"https:\/\/boeselager-realschule.de\/","logo":{"@type":"ImageObject","inLanguage":"de","@id":"https:\/\/boeselager-realschule.de\/#\/schema\/logo\/image\/","url":"https:\/\/boeselager-realschule.de\/wp-content\/uploads\/2025\/02\/logo_280-gif.gif","contentUrl":"https:\/\/boeselager-realschule.de\/wp-content\/uploads\/2025\/02\/logo_280-gif.gif","width":280,"height":226,"caption":"Philipp Freiherr von Boeselager Realschule plus Ahrweiler"},"image":{"@id":"https:\/\/boeselager-realschule.de\/#\/schema\/logo\/image\/"},"sameAs":["https:\/\/www.facebook.com\/rsplus"]},{"@type":"Person","@id":"https:\/\/boeselager-realschule.de\/#\/schema\/person\/5dee4af139bfcd761fb95ababfd1d028","name":"Ralf Breuer","sameAs":["http:\/\/www.breuer-info.de"],"url":"https:\/\/boeselager-realschule.de\/?author=5"}]}},"_links":{"self":[{"href":"https:\/\/boeselager-realschule.de\/index.php?rest_route=\/wp\/v2\/posts\/10193","targetHints":{"allow":["GET"]}}],"collection":[{"href":"https:\/\/boeselager-realschule.de\/index.php?rest_route=\/wp\/v2\/posts"}],"about":[{"href":"https:\/\/boeselager-realschule.de\/index.php?rest_route=\/wp\/v2\/types\/post"}],"author":[{"embeddable":true,"href":"https:\/\/boeselager-realschule.de\/index.php?rest_route=\/wp\/v2\/users\/5"}],"replies":[{"embeddable":true,"href":"https:\/\/boeselager-realschule.de\/index.php?rest_route=%2Fwp%2Fv2%2Fcomments&post=10193"}],"version-history":[{"count":13,"href":"https:\/\/boeselager-realschule.de\/index.php?rest_route=\/wp\/v2\/posts\/10193\/revisions"}],"predecessor-version":[{"id":10211,"href":"https:\/\/boeselager-realschule.de\/index.php?rest_route=\/wp\/v2\/posts\/10193\/revisions\/10211"}],"wp:attachment":[{"href":"https:\/\/boeselager-realschule.de\/index.php?rest_route=%2Fwp%2Fv2%2Fmedia&parent=10193"}],"wp:term":[{"taxonomy":"category","embeddable":true,"href":"https:\/\/boeselager-realschule.de\/index.php?rest_route=%2Fwp%2Fv2%2Fcategories&post=10193"},{"taxonomy":"post_tag","embeddable":true,"href":"https:\/\/boeselager-realschule.de\/index.php?rest_route=%2Fwp%2Fv2%2Ftags&post=10193"}],"curies":[{"name":"wp","href":"https:\/\/api.w.org\/{rel}","templated":true}]}}