{"id":10060,"date":"2021-01-04T11:53:58","date_gmt":"2021-01-04T10:53:58","guid":{"rendered":"https:\/\/boeselager-realschule.de\/?p=10060"},"modified":"2021-01-21T19:19:51","modified_gmt":"2021-01-21T18:19:51","slug":"elternbrief-zum-fernunterricht","status":"publish","type":"post","link":"https:\/\/boeselager-realschule.de\/?p=10060","title":{"rendered":"Elternbrief zum Fernunterricht"},"content":{"rendered":"<p><em><img loading=\"lazy\" decoding=\"async\" class=\"aligncenter wp-image-10065\" src=\"https:\/\/boeselager-realschule.de\/wp-content\/uploads\/2021\/01\/leereklasse-1024x286.jpg\" alt=\"\" width=\"555\" height=\"155\" srcset=\"https:\/\/boeselager-realschule.de\/wp-content\/uploads\/2021\/01\/leereklasse-1024x286.jpg 1024w, https:\/\/boeselager-realschule.de\/wp-content\/uploads\/2021\/01\/leereklasse-300x84.jpg 300w, https:\/\/boeselager-realschule.de\/wp-content\/uploads\/2021\/01\/leereklasse-768x215.jpg 768w, https:\/\/boeselager-realschule.de\/wp-content\/uploads\/2021\/01\/leereklasse-1536x429.jpg 1536w, https:\/\/boeselager-realschule.de\/wp-content\/uploads\/2021\/01\/leereklasse.jpg 2015w\" sizes=\"auto, (max-width: 555px) 100vw, 555px\" \/><\/em><\/p>\n<p><em>Sehr geehrte Eltern,<\/em><\/p>\n<p>in unserem letzten Elternbrief vom 14.12.2020 haben wir Ihnen angek\u00fcndigt, dass wir Ihnen rechtzeitig vor Schulbeginn alle notwendigen Informationen f\u00fcr die Zeit vom 04.01. \u2013 15.01.2021 zukommen lassen werden.<\/p>\n<p>Ab Montag (04.01.2021) findet der Unterricht ausschlie\u00dflich zu Hause statt. Die Schule bleibt grunds\u00e4tzlich geschlossen. Wir haben bereits w\u00e4hrend der Schulschlie\u00dfung im Fr\u00fchjahr die technischen Voraussetzungen daf\u00fcr geschaffen, dass alle Sch\u00fcler ab dem 04.01. digital mit&nbsp;Aufgaben versorgt bzw. \u00fcber Videokonferenzen unterrichtet werden k\u00f6nnen.<\/p>\n<p>Der Unterricht wird in einer Mischform aus zwei wesentlichen Komponenten bestehen:<\/p>\n<p>a) Das Bearbeiten von Aufgaben aus der schuleigenen Cloud<br \/>\nb) Das Abhalten von ausgew\u00e4hlten Unterrichtsstunden \u00fcber das Videokonferenzsystem BigBlueButton (BBB)<\/p>\n<p style=\"text-align: center;\"><a href=\"https:\/\/boeselager-realschule.de\/wp-content\/uploads\/2021\/01\/Elternbrief-Fernunterricht-31.12.2020.pdf\" target=\"_blank\" rel=\"noopener\"><strong>&#8211;&gt; zum kompletten Elternbrief&#8230;<\/strong><\/a><\/p>\n<p style=\"text-align: center;\"><a href=\"https:\/\/boeselager-realschule.de\/wp-content\/uploads\/2021\/01\/Tipps-und-Regeln-fu\u0308r-Schu\u0308ler.pdf\" target=\"_blank\" rel=\"noopener\"><strong>&#8211;&gt; Tipps f\u00fcr Sch\u00fcler*innen<\/strong><\/a><\/p>\n<p>Wir w\u00fcnschen Ihnen alles Gute 2021. M\u00f6ge 2021 m\u00f6glichst viel Entspannung in diese Pandemie bringen.<\/p>\n<p>Mit freundlichen Gr\u00fc\u00dfen<\/p>\n<p><em>Schulleitung<\/em><\/p>\n","protected":false},"excerpt":{"rendered":"<p>Sehr geehrte Eltern, in unserem letzten Elternbrief vom 14.12.2020 haben wir Ihnen angek\u00fcndigt, dass wir Ihnen rechtzeitig vor Schulbeginn alle notwendigen Informationen f\u00fcr die Zeit vom 04.01. \u2013 15.01.2021 zukommen lassen werden. Ab Montag (04.01.2021) findet der Unterricht ausschlie\u00dflich zu Hause statt. Die Schule bleibt grunds\u00e4tzlich geschlossen. Wir haben bereits w\u00e4hrend der Schulschlie\u00dfung im Fr\u00fchjahr [&hellip;]<\/p>\n","protected":false},"author":5,"featured_media":0,"comment_status":"closed","ping_status":"open","sticky":false,"template":"","format":"standard","meta":{"ngg_post_thumbnail":0,"footnotes":""},"categories":[734],"tags":[120,777],"class_list":["post-10060","post","type-post","status-publish","format-standard","hentry","category-corona","tag-elternbrief","tag-fernunterricht"],"yoast_head":"<!-- This site is optimized with the Yoast SEO plugin v28.3 - https:\/\/yoast.com\/product\/yoast-seo-wordpress\/ -->\n<title>Elternbrief zum Fernunterricht &#183; Philipp Freiherr von Boeselager Realschule plus Ahrweiler<\/title>\n<meta name=\"description\" content=\"Realschule plus, Ahrweiler, Boeselager Realschule, individuelle F\u00f6rderung, Wahlpflichtf\u00e4cher, internationale Partnerschaften, Arbeitsgemeinschaften, Bildung, Schulgemeinschaft\" \/>\n<meta name=\"robots\" content=\"index, follow, max-snippet:-1, max-image-preview:large, max-video-preview:-1\" \/>\n<link rel=\"canonical\" href=\"https:\/\/boeselager-realschule.de\/?p=10060\" \/>\n<meta property=\"og:locale\" content=\"de_DE\" \/>\n<meta property=\"og:type\" content=\"article\" \/>\n<meta property=\"og:title\" content=\"Elternbrief zum Fernunterricht &#183; Philipp Freiherr von Boeselager Realschule plus Ahrweiler\" \/>\n<meta property=\"og:description\" content=\"Realschule plus, Ahrweiler, Boeselager Realschule, individuelle F\u00f6rderung, Wahlpflichtf\u00e4cher, internationale Partnerschaften, Arbeitsgemeinschaften, Bildung, Schulgemeinschaft\" \/>\n<meta property=\"og:url\" content=\"https:\/\/boeselager-realschule.de\/?p=10060\" \/>\n<meta property=\"og:site_name\" content=\"Philipp Freiherr von Boeselager Realschule plus Ahrweiler\" \/>\n<meta property=\"article:publisher\" content=\"https:\/\/www.facebook.com\/rsplus\" \/>\n<meta property=\"article:published_time\" content=\"2021-01-04T10:53:58+00:00\" \/>\n<meta property=\"article:modified_time\" content=\"2021-01-21T18:19:51+00:00\" \/>\n<meta property=\"og:image\" content=\"https:\/\/boeselager-realschule.de\/wp-content\/uploads\/2021\/01\/leereklasse-1024x286.jpg\" \/>\n<meta name=\"author\" content=\"Ralf Breuer\" \/>\n<meta name=\"twitter:card\" content=\"summary_large_image\" \/>\n<meta name=\"twitter:label1\" content=\"Verfasst von\" \/>\n\t<meta name=\"twitter:data1\" content=\"Ralf Breuer\" \/>\n\t<meta name=\"twitter:label2\" content=\"Gesch\u00e4tzte Lesezeit\" \/>\n\t<meta name=\"twitter:data2\" content=\"1\u00a0Minute\" \/>\n<script type=\"application\/ld+json\" class=\"yoast-schema-graph\">{\"@context\":\"https:\\\/\\\/schema.org\",\"@graph\":[{\"@type\":\"Article\",\"@id\":\"https:\\\/\\\/boeselager-realschule.de\\\/?p=10060#article\",\"isPartOf\":{\"@id\":\"https:\\\/\\\/boeselager-realschule.de\\\/?p=10060\"},\"author\":{\"name\":\"Ralf Breuer\",\"@id\":\"https:\\\/\\\/boeselager-realschule.de\\\/#\\\/schema\\\/person\\\/5dee4af139bfcd761fb95ababfd1d028\"},\"headline\":\"Elternbrief zum Fernunterricht\",\"datePublished\":\"2021-01-04T10:53:58+00:00\",\"dateModified\":\"2021-01-21T18:19:51+00:00\",\"mainEntityOfPage\":{\"@id\":\"https:\\\/\\\/boeselager-realschule.de\\\/?p=10060\"},\"wordCount\":150,\"publisher\":{\"@id\":\"https:\\\/\\\/boeselager-realschule.de\\\/#organization\"},\"image\":{\"@id\":\"https:\\\/\\\/boeselager-realschule.de\\\/?p=10060#primaryimage\"},\"thumbnailUrl\":\"https:\\\/\\\/boeselager-realschule.de\\\/wp-content\\\/uploads\\\/2021\\\/01\\\/leereklasse-1024x286.jpg\",\"keywords\":[\"Elternbrief\",\"Fernunterricht\"],\"articleSection\":[\"Corona\"],\"inLanguage\":\"de\"},{\"@type\":\"WebPage\",\"@id\":\"https:\\\/\\\/boeselager-realschule.de\\\/?p=10060\",\"url\":\"https:\\\/\\\/boeselager-realschule.de\\\/?p=10060\",\"name\":\"Elternbrief zum Fernunterricht &#183; Philipp Freiherr von Boeselager Realschule plus Ahrweiler\",\"isPartOf\":{\"@id\":\"https:\\\/\\\/boeselager-realschule.de\\\/#website\"},\"primaryImageOfPage\":{\"@id\":\"https:\\\/\\\/boeselager-realschule.de\\\/?p=10060#primaryimage\"},\"image\":{\"@id\":\"https:\\\/\\\/boeselager-realschule.de\\\/?p=10060#primaryimage\"},\"thumbnailUrl\":\"https:\\\/\\\/boeselager-realschule.de\\\/wp-content\\\/uploads\\\/2021\\\/01\\\/leereklasse-1024x286.jpg\",\"datePublished\":\"2021-01-04T10:53:58+00:00\",\"dateModified\":\"2021-01-21T18:19:51+00:00\",\"description\":\"Realschule plus, Ahrweiler, Boeselager Realschule, individuelle F\u00f6rderung, Wahlpflichtf\u00e4cher, internationale Partnerschaften, Arbeitsgemeinschaften, Bildung, Schulgemeinschaft\",\"breadcrumb\":{\"@id\":\"https:\\\/\\\/boeselager-realschule.de\\\/?p=10060#breadcrumb\"},\"inLanguage\":\"de\",\"potentialAction\":[{\"@type\":\"ReadAction\",\"target\":[\"https:\\\/\\\/boeselager-realschule.de\\\/?p=10060\"]}]},{\"@type\":\"ImageObject\",\"inLanguage\":\"de\",\"@id\":\"https:\\\/\\\/boeselager-realschule.de\\\/?p=10060#primaryimage\",\"url\":\"https:\\\/\\\/boeselager-realschule.de\\\/wp-content\\\/uploads\\\/2021\\\/01\\\/leereklasse.jpg\",\"contentUrl\":\"https:\\\/\\\/boeselager-realschule.de\\\/wp-content\\\/uploads\\\/2021\\\/01\\\/leereklasse.jpg\",\"width\":2015,\"height\":563},{\"@type\":\"BreadcrumbList\",\"@id\":\"https:\\\/\\\/boeselager-realschule.de\\\/?p=10060#breadcrumb\",\"itemListElement\":[{\"@type\":\"ListItem\",\"position\":1,\"name\":\"Startseite\",\"item\":\"https:\\\/\\\/boeselager-realschule.de\\\/\"},{\"@type\":\"ListItem\",\"position\":2,\"name\":\"Elternbrief zum Fernunterricht\"}]},{\"@type\":\"WebSite\",\"@id\":\"https:\\\/\\\/boeselager-realschule.de\\\/#website\",\"url\":\"https:\\\/\\\/boeselager-realschule.de\\\/\",\"name\":\"Philipp Freiherr von Boeselager Realschule plus Ahrweiler\",\"description\":\"\",\"publisher\":{\"@id\":\"https:\\\/\\\/boeselager-realschule.de\\\/#organization\"},\"potentialAction\":[{\"@type\":\"SearchAction\",\"target\":{\"@type\":\"EntryPoint\",\"urlTemplate\":\"https:\\\/\\\/boeselager-realschule.de\\\/?s={search_term_string}\"},\"query-input\":{\"@type\":\"PropertyValueSpecification\",\"valueRequired\":true,\"valueName\":\"search_term_string\"}}],\"inLanguage\":\"de\"},{\"@type\":\"Organization\",\"@id\":\"https:\\\/\\\/boeselager-realschule.de\\\/#organization\",\"name\":\"Philipp Freiherr von Boeselager Realschule plus Ahrweiler\",\"url\":\"https:\\\/\\\/boeselager-realschule.de\\\/\",\"logo\":{\"@type\":\"ImageObject\",\"inLanguage\":\"de\",\"@id\":\"https:\\\/\\\/boeselager-realschule.de\\\/#\\\/schema\\\/logo\\\/image\\\/\",\"url\":\"https:\\\/\\\/boeselager-realschule.de\\\/wp-content\\\/uploads\\\/2025\\\/02\\\/logo_280-gif.gif\",\"contentUrl\":\"https:\\\/\\\/boeselager-realschule.de\\\/wp-content\\\/uploads\\\/2025\\\/02\\\/logo_280-gif.gif\",\"width\":280,\"height\":226,\"caption\":\"Philipp Freiherr von Boeselager Realschule plus Ahrweiler\"},\"image\":{\"@id\":\"https:\\\/\\\/boeselager-realschule.de\\\/#\\\/schema\\\/logo\\\/image\\\/\"},\"sameAs\":[\"https:\\\/\\\/www.facebook.com\\\/rsplus\"]},{\"@type\":\"Person\",\"@id\":\"https:\\\/\\\/boeselager-realschule.de\\\/#\\\/schema\\\/person\\\/5dee4af139bfcd761fb95ababfd1d028\",\"name\":\"Ralf Breuer\",\"sameAs\":[\"http:\\\/\\\/www.breuer-info.de\"],\"url\":\"https:\\\/\\\/boeselager-realschule.de\\\/?author=5\"}]}<\/script>\n<!-- \/ Yoast SEO plugin. -->","yoast_head_json":{"title":"Elternbrief zum Fernunterricht &#183; Philipp Freiherr von Boeselager Realschule plus Ahrweiler","description":"Realschule plus, Ahrweiler, Boeselager Realschule, individuelle F\u00f6rderung, Wahlpflichtf\u00e4cher, internationale Partnerschaften, Arbeitsgemeinschaften, Bildung, Schulgemeinschaft","robots":{"index":"index","follow":"follow","max-snippet":"max-snippet:-1","max-image-preview":"max-image-preview:large","max-video-preview":"max-video-preview:-1"},"canonical":"https:\/\/boeselager-realschule.de\/?p=10060","og_locale":"de_DE","og_type":"article","og_title":"Elternbrief zum Fernunterricht &#183; Philipp Freiherr von Boeselager Realschule plus Ahrweiler","og_description":"Realschule plus, Ahrweiler, Boeselager Realschule, individuelle F\u00f6rderung, Wahlpflichtf\u00e4cher, internationale Partnerschaften, Arbeitsgemeinschaften, Bildung, Schulgemeinschaft","og_url":"https:\/\/boeselager-realschule.de\/?p=10060","og_site_name":"Philipp Freiherr von Boeselager Realschule plus Ahrweiler","article_publisher":"https:\/\/www.facebook.com\/rsplus","article_published_time":"2021-01-04T10:53:58+00:00","article_modified_time":"2021-01-21T18:19:51+00:00","og_image":[{"url":"https:\/\/boeselager-realschule.de\/wp-content\/uploads\/2021\/01\/leereklasse-1024x286.jpg","type":"","width":"","height":""}],"author":"Ralf Breuer","twitter_card":"summary_large_image","twitter_misc":{"Verfasst von":"Ralf Breuer","Gesch\u00e4tzte Lesezeit":"1\u00a0Minute"},"schema":{"@context":"https:\/\/schema.org","@graph":[{"@type":"Article","@id":"https:\/\/boeselager-realschule.de\/?p=10060#article","isPartOf":{"@id":"https:\/\/boeselager-realschule.de\/?p=10060"},"author":{"name":"Ralf Breuer","@id":"https:\/\/boeselager-realschule.de\/#\/schema\/person\/5dee4af139bfcd761fb95ababfd1d028"},"headline":"Elternbrief zum Fernunterricht","datePublished":"2021-01-04T10:53:58+00:00","dateModified":"2021-01-21T18:19:51+00:00","mainEntityOfPage":{"@id":"https:\/\/boeselager-realschule.de\/?p=10060"},"wordCount":150,"publisher":{"@id":"https:\/\/boeselager-realschule.de\/#organization"},"image":{"@id":"https:\/\/boeselager-realschule.de\/?p=10060#primaryimage"},"thumbnailUrl":"https:\/\/boeselager-realschule.de\/wp-content\/uploads\/2021\/01\/leereklasse-1024x286.jpg","keywords":["Elternbrief","Fernunterricht"],"articleSection":["Corona"],"inLanguage":"de"},{"@type":"WebPage","@id":"https:\/\/boeselager-realschule.de\/?p=10060","url":"https:\/\/boeselager-realschule.de\/?p=10060","name":"Elternbrief zum Fernunterricht &#183; Philipp Freiherr von Boeselager Realschule plus Ahrweiler","isPartOf":{"@id":"https:\/\/boeselager-realschule.de\/#website"},"primaryImageOfPage":{"@id":"https:\/\/boeselager-realschule.de\/?p=10060#primaryimage"},"image":{"@id":"https:\/\/boeselager-realschule.de\/?p=10060#primaryimage"},"thumbnailUrl":"https:\/\/boeselager-realschule.de\/wp-content\/uploads\/2021\/01\/leereklasse-1024x286.jpg","datePublished":"2021-01-04T10:53:58+00:00","dateModified":"2021-01-21T18:19:51+00:00","description":"Realschule plus, Ahrweiler, Boeselager Realschule, individuelle F\u00f6rderung, Wahlpflichtf\u00e4cher, internationale Partnerschaften, Arbeitsgemeinschaften, Bildung, Schulgemeinschaft","breadcrumb":{"@id":"https:\/\/boeselager-realschule.de\/?p=10060#breadcrumb"},"inLanguage":"de","potentialAction":[{"@type":"ReadAction","target":["https:\/\/boeselager-realschule.de\/?p=10060"]}]},{"@type":"ImageObject","inLanguage":"de","@id":"https:\/\/boeselager-realschule.de\/?p=10060#primaryimage","url":"https:\/\/boeselager-realschule.de\/wp-content\/uploads\/2021\/01\/leereklasse.jpg","contentUrl":"https:\/\/boeselager-realschule.de\/wp-content\/uploads\/2021\/01\/leereklasse.jpg","width":2015,"height":563},{"@type":"BreadcrumbList","@id":"https:\/\/boeselager-realschule.de\/?p=10060#breadcrumb","itemListElement":[{"@type":"ListItem","position":1,"name":"Startseite","item":"https:\/\/boeselager-realschule.de\/"},{"@type":"ListItem","position":2,"name":"Elternbrief zum Fernunterricht"}]},{"@type":"WebSite","@id":"https:\/\/boeselager-realschule.de\/#website","url":"https:\/\/boeselager-realschule.de\/","name":"Philipp Freiherr von Boeselager Realschule plus Ahrweiler","description":"","publisher":{"@id":"https:\/\/boeselager-realschule.de\/#organization"},"potentialAction":[{"@type":"SearchAction","target":{"@type":"EntryPoint","urlTemplate":"https:\/\/boeselager-realschule.de\/?s={search_term_string}"},"query-input":{"@type":"PropertyValueSpecification","valueRequired":true,"valueName":"search_term_string"}}],"inLanguage":"de"},{"@type":"Organization","@id":"https:\/\/boeselager-realschule.de\/#organization","name":"Philipp Freiherr von Boeselager Realschule plus Ahrweiler","url":"https:\/\/boeselager-realschule.de\/","logo":{"@type":"ImageObject","inLanguage":"de","@id":"https:\/\/boeselager-realschule.de\/#\/schema\/logo\/image\/","url":"https:\/\/boeselager-realschule.de\/wp-content\/uploads\/2025\/02\/logo_280-gif.gif","contentUrl":"https:\/\/boeselager-realschule.de\/wp-content\/uploads\/2025\/02\/logo_280-gif.gif","width":280,"height":226,"caption":"Philipp Freiherr von Boeselager Realschule plus Ahrweiler"},"image":{"@id":"https:\/\/boeselager-realschule.de\/#\/schema\/logo\/image\/"},"sameAs":["https:\/\/www.facebook.com\/rsplus"]},{"@type":"Person","@id":"https:\/\/boeselager-realschule.de\/#\/schema\/person\/5dee4af139bfcd761fb95ababfd1d028","name":"Ralf Breuer","sameAs":["http:\/\/www.breuer-info.de"],"url":"https:\/\/boeselager-realschule.de\/?author=5"}]}},"_links":{"self":[{"href":"https:\/\/boeselager-realschule.de\/index.php?rest_route=\/wp\/v2\/posts\/10060","targetHints":{"allow":["GET"]}}],"collection":[{"href":"https:\/\/boeselager-realschule.de\/index.php?rest_route=\/wp\/v2\/posts"}],"about":[{"href":"https:\/\/boeselager-realschule.de\/index.php?rest_route=\/wp\/v2\/types\/post"}],"author":[{"embeddable":true,"href":"https:\/\/boeselager-realschule.de\/index.php?rest_route=\/wp\/v2\/users\/5"}],"replies":[{"embeddable":true,"href":"https:\/\/boeselager-realschule.de\/index.php?rest_route=%2Fwp%2Fv2%2Fcomments&post=10060"}],"version-history":[{"count":5,"href":"https:\/\/boeselager-realschule.de\/index.php?rest_route=\/wp\/v2\/posts\/10060\/revisions"}],"predecessor-version":[{"id":10070,"href":"https:\/\/boeselager-realschule.de\/index.php?rest_route=\/wp\/v2\/posts\/10060\/revisions\/10070"}],"wp:attachment":[{"href":"https:\/\/boeselager-realschule.de\/index.php?rest_route=%2Fwp%2Fv2%2Fmedia&parent=10060"}],"wp:term":[{"taxonomy":"category","embeddable":true,"href":"https:\/\/boeselager-realschule.de\/index.php?rest_route=%2Fwp%2Fv2%2Fcategories&post=10060"},{"taxonomy":"post_tag","embeddable":true,"href":"https:\/\/boeselager-realschule.de\/index.php?rest_route=%2Fwp%2Fv2%2Ftags&post=10060"}],"curies":[{"name":"wp","href":"https:\/\/api.w.org\/{rel}","templated":true}]}}