{"id":10034,"date":"2020-12-14T14:12:14","date_gmt":"2020-12-14T13:12:14","guid":{"rendered":"https:\/\/boeselager-realschule.de\/?p=10034"},"modified":"2021-01-04T11:54:35","modified_gmt":"2021-01-04T10:54:35","slug":"elternbrief-zur-lage","status":"publish","type":"post","link":"https:\/\/boeselager-realschule.de\/?p=10034","title":{"rendered":"Elternbrief der Schulleitung zur aktuellen Lage"},"content":{"rendered":"<p><strong>Sehr geehrte Eltern,<\/strong><\/p>\n<p>Sie alle haben die politischen Beschl\u00fcsse des Landes Rheinland-Pfalz sicherlich auch verfolgt. Wir m\u00f6chten Ihnen auf diesem Wege einige Informationen zukommen lassen, wie wir gemeinsam die kommende Zeit gestalten und den Schulbetrieb vor und nach den Weihnachtsferien organisieren.<\/p>\n<p>Die dynamische Entwicklung der letzten Tage hat auch an den Schulen dazu gef\u00fchrt, dass unter den momentanen Gegebenheiten dem Infektions- bzw. Gesundheitsschutz absolute Priorit\u00e4t einger\u00e4umt werden muss.<\/p>\n<p><strong>Ab Mittwoch ist an unserer Schule die Pr\u00e4senzpflicht f\u00fcr die letzten drei Schultage des Jahres aufgehoben.<\/strong><br \/>\nDies bedeutet, dass Sie Ihr Kind zu Hause lassen k\u00f6nnen. Bitte beachten Sie hier auch unsere Ausf\u00fchrungen am Ende des Briefes.<\/p>\n<p>Um einen \u00dcberblick zu bekommen, wer noch in den Unterricht kommen muss, bitten wir Sie um eine kurze R\u00fcckmeldung. Bitte senden Sie <strong>in jedem Fall eine Mail an die Klassenleitung<\/strong>, ob ihr Kind kommt oder nicht. Bitte vermeiden Sie Anrufe im Sekretariat, damit es da nicht zu \u00dcberlastungen kommt.<\/p>\n<p>Wir bitten Sie in Ihrer Verantwortung als Eltern eindringlich, von dieser M\u00f6glichkeit, Ihr Kind zu Hause zu lassen, wenn es die famili\u00e4re Betreuungssituation zul\u00e4sst, Gebrauch zu machen.<br \/>\nAlle Sch\u00fcler, die ab Mittwoch nicht mehr zur Schule kommen, sollen bereits heute, sp\u00e4testens aber am morgigen Dienstag s\u00e4mtliche B\u00fccher und Arbeitsmaterialien vorsorglich mit nach Hause nehmen.&nbsp;Vor den Weihnachtsferien findet kein Fernunterricht statt.<\/p>\n<p><strong>Nach den Weihnachtsferien findet dann f\u00fcr Ihre Kinder in der Zeit vom 04.01. \u2013 15.01.2021 Unterricht ausschlie\u00dflich von zu Hause statt.<\/strong> Die Schule bleibt grunds\u00e4tzlich geschlossen. Wir haben bereits w\u00e4hrend der Schulschlie\u00dfung im Fr\u00fchjahr die technischen Voraussetzungen daf\u00fcr geschaffen, dass alle Sch\u00fcler ab Januar digital mit Aufgaben versorgt bzw. \u00fcber Videokonferenzen unterrichtet werden k\u00f6nnen.<\/p>\n<p>Der Unterricht wird in einer Mischform aus zwei wesentlichen Komponenten bestehen:<\/p>\n<ol>\n<li>das Bearbeiten von Aufgaben aus der schuleigenen Cloud<\/li>\n<li>das Abhalten von Unterrichtsstunden \u00fcber das Videokonferenzsystem BigBlueButton.<\/li>\n<\/ol>\n<p>Wie das im Detail organisiert wird, erfahren Sie rechtzeitig \u00fcber einen gesonderten Elternbrief, den wir auch auf die Webseite einstellen werden.<\/p>\n<p><strong>Liebe Eltern,<\/strong><\/p>\n<p>wir alle merken sehr deutlich, dass uns diese Situation fordert und alles abverlangt. Gerade f\u00fcr unsere Sch\u00fclerinnen und Sch\u00fcler sind dies bisweilen auch sehr emotionale Tage, auch mit Blick auf das nahende Weihnachtsfest, das als Fest der Liebe im Kreis der Familie einen besonderen Stellenwert hat.<\/p>\n<p><strong>Daher nochmals unser Appell:<\/strong><\/p>\n<p>Bitte schicken Sie Ihr Kind ab Mittwoch nur in die Schule, wenn Sie absolut keine andere Wahl haben. Um Ihnen und Ihren Kindern auch den Entscheidungsdruck zu nehmen, k\u00f6nnen wir Ihnen versichern, dass Ihren Kindern in diesen drei Tagen keinerlei Nachteile entstehen werden.<\/p>\n<p>Alle Klassenarbeiten und Leistungs\u00fcberpr\u00fcfungen werden f\u00fcr Mittwoch, Donnerstag und Freitag abgesagt. Die Kolleginnen und Kollegen werden verantwortungsvoll pr\u00fcfen, ob Leistungsnachweise zu einem sp\u00e4teren Zeitpunkt nachgeholt werden k\u00f6nnen, zur Not eben im zweiten Halbjahr oder durch eine andere Leistung ersetzen werden k\u00f6nnen. Andernfalls wird manches auch einfach ersatzlos entfallen.<\/p>\n<p><strong>Gerade vor Weihnachten und inmitten einer andauernden Pandemiesituation gibt es Wichtigeres als Schulnoten.<\/strong> Wir werden hier als Schule eine L\u00f6sung finden. Druck ist gerade jetzt ein schlechter Wegbegleiter.&nbsp; Ab Mittwoch gilt es, die Kontakte zu beschr\u00e4nken \u2013 dies gilt auch ganz besonders f\u00fcr die Schule.<\/p>\n<p>Wir danken Ihnen f\u00fcr Ihr Verst\u00e4ndnis und blicken stolz auf das Jahr 2020 zur\u00fcck. Es ist sch\u00f6n zu wissen, dass die Schulgemeinschaft in diesen Zeiten zusammensteht und sich wechselseitig unterst\u00fctzt.<\/p>\n<p><strong>Nun w\u00fcnschen wir euch, Ihnen und Ihren Familien ein hoffentlich sorgenfreies Weihnachtsfest und einen guten Start ins Jahr 2021.<\/strong><\/p>\n<p>Mit freundlichen Gr\u00fc\u00dfen<\/p>\n<p><em>Schulleitung der Philipp Freiherr von Boeselager Realschule plus in Ahrweiler&nbsp;<\/em><\/p>\n","protected":false},"excerpt":{"rendered":"<p>Sehr geehrte Eltern, Sie alle haben die politischen Beschl\u00fcsse des Landes Rheinland-Pfalz sicherlich auch verfolgt. Wir m\u00f6chten Ihnen auf diesem Wege einige Informationen zukommen lassen, wie wir gemeinsam die kommende Zeit gestalten und den Schulbetrieb vor und nach den Weihnachtsferien organisieren. Die dynamische Entwicklung der letzten Tage hat auch an den Schulen dazu gef\u00fchrt, dass [&hellip;]<\/p>\n","protected":false},"author":5,"featured_media":0,"comment_status":"closed","ping_status":"open","sticky":false,"template":"","format":"standard","meta":{"ngg_post_thumbnail":0,"footnotes":""},"categories":[734,48],"tags":[120],"class_list":["post-10034","post","type-post","status-publish","format-standard","hentry","category-corona","category-schulleitung","tag-elternbrief"],"yoast_head":"<!-- This site is optimized with the Yoast SEO plugin v28.3 - https:\/\/yoast.com\/product\/yoast-seo-wordpress\/ -->\n<title>Elternbrief der Schulleitung zur aktuellen Lage &#183; Philipp Freiherr von Boeselager Realschule plus Ahrweiler<\/title>\n<meta name=\"description\" content=\"Realschule plus, Ahrweiler, Boeselager Realschule, individuelle F\u00f6rderung, Wahlpflichtf\u00e4cher, internationale Partnerschaften, Arbeitsgemeinschaften, Bildung, Schulgemeinschaft\" \/>\n<meta name=\"robots\" content=\"index, follow, max-snippet:-1, max-image-preview:large, max-video-preview:-1\" \/>\n<link rel=\"canonical\" href=\"https:\/\/boeselager-realschule.de\/?p=10034\" \/>\n<meta property=\"og:locale\" content=\"de_DE\" \/>\n<meta property=\"og:type\" content=\"article\" \/>\n<meta property=\"og:title\" content=\"Elternbrief der Schulleitung zur aktuellen Lage &#183; Philipp Freiherr von Boeselager Realschule plus Ahrweiler\" \/>\n<meta property=\"og:description\" content=\"Realschule plus, Ahrweiler, Boeselager Realschule, individuelle F\u00f6rderung, Wahlpflichtf\u00e4cher, internationale Partnerschaften, Arbeitsgemeinschaften, Bildung, Schulgemeinschaft\" \/>\n<meta property=\"og:url\" content=\"https:\/\/boeselager-realschule.de\/?p=10034\" \/>\n<meta property=\"og:site_name\" content=\"Philipp Freiherr von Boeselager Realschule plus Ahrweiler\" \/>\n<meta property=\"article:publisher\" content=\"https:\/\/www.facebook.com\/rsplus\" \/>\n<meta property=\"article:published_time\" content=\"2020-12-14T13:12:14+00:00\" \/>\n<meta property=\"article:modified_time\" content=\"2021-01-04T10:54:35+00:00\" \/>\n<meta name=\"author\" content=\"Ralf Breuer\" \/>\n<meta name=\"twitter:card\" content=\"summary_large_image\" \/>\n<meta name=\"twitter:label1\" content=\"Verfasst von\" \/>\n\t<meta name=\"twitter:data1\" content=\"Ralf Breuer\" \/>\n\t<meta name=\"twitter:label2\" content=\"Gesch\u00e4tzte Lesezeit\" \/>\n\t<meta name=\"twitter:data2\" content=\"3\u00a0Minuten\" \/>\n<script type=\"application\/ld+json\" class=\"yoast-schema-graph\">{\"@context\":\"https:\\\/\\\/schema.org\",\"@graph\":[{\"@type\":\"Article\",\"@id\":\"https:\\\/\\\/boeselager-realschule.de\\\/?p=10034#article\",\"isPartOf\":{\"@id\":\"https:\\\/\\\/boeselager-realschule.de\\\/?p=10034\"},\"author\":{\"name\":\"Ralf Breuer\",\"@id\":\"https:\\\/\\\/boeselager-realschule.de\\\/#\\\/schema\\\/person\\\/5dee4af139bfcd761fb95ababfd1d028\"},\"headline\":\"Elternbrief der Schulleitung zur aktuellen Lage\",\"datePublished\":\"2020-12-14T13:12:14+00:00\",\"dateModified\":\"2021-01-04T10:54:35+00:00\",\"mainEntityOfPage\":{\"@id\":\"https:\\\/\\\/boeselager-realschule.de\\\/?p=10034\"},\"wordCount\":617,\"publisher\":{\"@id\":\"https:\\\/\\\/boeselager-realschule.de\\\/#organization\"},\"keywords\":[\"Elternbrief\"],\"articleSection\":[\"Corona\",\"Schulleitung\"],\"inLanguage\":\"de\"},{\"@type\":\"WebPage\",\"@id\":\"https:\\\/\\\/boeselager-realschule.de\\\/?p=10034\",\"url\":\"https:\\\/\\\/boeselager-realschule.de\\\/?p=10034\",\"name\":\"Elternbrief der Schulleitung zur aktuellen Lage &#183; Philipp Freiherr von Boeselager Realschule plus Ahrweiler\",\"isPartOf\":{\"@id\":\"https:\\\/\\\/boeselager-realschule.de\\\/#website\"},\"datePublished\":\"2020-12-14T13:12:14+00:00\",\"dateModified\":\"2021-01-04T10:54:35+00:00\",\"description\":\"Realschule plus, Ahrweiler, Boeselager Realschule, individuelle F\u00f6rderung, Wahlpflichtf\u00e4cher, internationale Partnerschaften, Arbeitsgemeinschaften, Bildung, Schulgemeinschaft\",\"breadcrumb\":{\"@id\":\"https:\\\/\\\/boeselager-realschule.de\\\/?p=10034#breadcrumb\"},\"inLanguage\":\"de\",\"potentialAction\":[{\"@type\":\"ReadAction\",\"target\":[\"https:\\\/\\\/boeselager-realschule.de\\\/?p=10034\"]}]},{\"@type\":\"BreadcrumbList\",\"@id\":\"https:\\\/\\\/boeselager-realschule.de\\\/?p=10034#breadcrumb\",\"itemListElement\":[{\"@type\":\"ListItem\",\"position\":1,\"name\":\"Startseite\",\"item\":\"https:\\\/\\\/boeselager-realschule.de\\\/\"},{\"@type\":\"ListItem\",\"position\":2,\"name\":\"Elternbrief der Schulleitung zur aktuellen Lage\"}]},{\"@type\":\"WebSite\",\"@id\":\"https:\\\/\\\/boeselager-realschule.de\\\/#website\",\"url\":\"https:\\\/\\\/boeselager-realschule.de\\\/\",\"name\":\"Philipp Freiherr von Boeselager Realschule plus Ahrweiler\",\"description\":\"\",\"publisher\":{\"@id\":\"https:\\\/\\\/boeselager-realschule.de\\\/#organization\"},\"potentialAction\":[{\"@type\":\"SearchAction\",\"target\":{\"@type\":\"EntryPoint\",\"urlTemplate\":\"https:\\\/\\\/boeselager-realschule.de\\\/?s={search_term_string}\"},\"query-input\":{\"@type\":\"PropertyValueSpecification\",\"valueRequired\":true,\"valueName\":\"search_term_string\"}}],\"inLanguage\":\"de\"},{\"@type\":\"Organization\",\"@id\":\"https:\\\/\\\/boeselager-realschule.de\\\/#organization\",\"name\":\"Philipp Freiherr von Boeselager Realschule plus Ahrweiler\",\"url\":\"https:\\\/\\\/boeselager-realschule.de\\\/\",\"logo\":{\"@type\":\"ImageObject\",\"inLanguage\":\"de\",\"@id\":\"https:\\\/\\\/boeselager-realschule.de\\\/#\\\/schema\\\/logo\\\/image\\\/\",\"url\":\"https:\\\/\\\/boeselager-realschule.de\\\/wp-content\\\/uploads\\\/2025\\\/02\\\/logo_280-gif.gif\",\"contentUrl\":\"https:\\\/\\\/boeselager-realschule.de\\\/wp-content\\\/uploads\\\/2025\\\/02\\\/logo_280-gif.gif\",\"width\":280,\"height\":226,\"caption\":\"Philipp Freiherr von Boeselager Realschule plus Ahrweiler\"},\"image\":{\"@id\":\"https:\\\/\\\/boeselager-realschule.de\\\/#\\\/schema\\\/logo\\\/image\\\/\"},\"sameAs\":[\"https:\\\/\\\/www.facebook.com\\\/rsplus\"]},{\"@type\":\"Person\",\"@id\":\"https:\\\/\\\/boeselager-realschule.de\\\/#\\\/schema\\\/person\\\/5dee4af139bfcd761fb95ababfd1d028\",\"name\":\"Ralf Breuer\",\"sameAs\":[\"http:\\\/\\\/www.breuer-info.de\"],\"url\":\"https:\\\/\\\/boeselager-realschule.de\\\/?author=5\"}]}<\/script>\n<!-- \/ Yoast SEO plugin. -->","yoast_head_json":{"title":"Elternbrief der Schulleitung zur aktuellen Lage &#183; Philipp Freiherr von Boeselager Realschule plus Ahrweiler","description":"Realschule plus, Ahrweiler, Boeselager Realschule, individuelle F\u00f6rderung, Wahlpflichtf\u00e4cher, internationale Partnerschaften, Arbeitsgemeinschaften, Bildung, Schulgemeinschaft","robots":{"index":"index","follow":"follow","max-snippet":"max-snippet:-1","max-image-preview":"max-image-preview:large","max-video-preview":"max-video-preview:-1"},"canonical":"https:\/\/boeselager-realschule.de\/?p=10034","og_locale":"de_DE","og_type":"article","og_title":"Elternbrief der Schulleitung zur aktuellen Lage &#183; Philipp Freiherr von Boeselager Realschule plus Ahrweiler","og_description":"Realschule plus, Ahrweiler, Boeselager Realschule, individuelle F\u00f6rderung, Wahlpflichtf\u00e4cher, internationale Partnerschaften, Arbeitsgemeinschaften, Bildung, Schulgemeinschaft","og_url":"https:\/\/boeselager-realschule.de\/?p=10034","og_site_name":"Philipp Freiherr von Boeselager Realschule plus Ahrweiler","article_publisher":"https:\/\/www.facebook.com\/rsplus","article_published_time":"2020-12-14T13:12:14+00:00","article_modified_time":"2021-01-04T10:54:35+00:00","author":"Ralf Breuer","twitter_card":"summary_large_image","twitter_misc":{"Verfasst von":"Ralf Breuer","Gesch\u00e4tzte Lesezeit":"3\u00a0Minuten"},"schema":{"@context":"https:\/\/schema.org","@graph":[{"@type":"Article","@id":"https:\/\/boeselager-realschule.de\/?p=10034#article","isPartOf":{"@id":"https:\/\/boeselager-realschule.de\/?p=10034"},"author":{"name":"Ralf Breuer","@id":"https:\/\/boeselager-realschule.de\/#\/schema\/person\/5dee4af139bfcd761fb95ababfd1d028"},"headline":"Elternbrief der Schulleitung zur aktuellen Lage","datePublished":"2020-12-14T13:12:14+00:00","dateModified":"2021-01-04T10:54:35+00:00","mainEntityOfPage":{"@id":"https:\/\/boeselager-realschule.de\/?p=10034"},"wordCount":617,"publisher":{"@id":"https:\/\/boeselager-realschule.de\/#organization"},"keywords":["Elternbrief"],"articleSection":["Corona","Schulleitung"],"inLanguage":"de"},{"@type":"WebPage","@id":"https:\/\/boeselager-realschule.de\/?p=10034","url":"https:\/\/boeselager-realschule.de\/?p=10034","name":"Elternbrief der Schulleitung zur aktuellen Lage &#183; Philipp Freiherr von Boeselager Realschule plus Ahrweiler","isPartOf":{"@id":"https:\/\/boeselager-realschule.de\/#website"},"datePublished":"2020-12-14T13:12:14+00:00","dateModified":"2021-01-04T10:54:35+00:00","description":"Realschule plus, Ahrweiler, Boeselager Realschule, individuelle F\u00f6rderung, Wahlpflichtf\u00e4cher, internationale Partnerschaften, Arbeitsgemeinschaften, Bildung, Schulgemeinschaft","breadcrumb":{"@id":"https:\/\/boeselager-realschule.de\/?p=10034#breadcrumb"},"inLanguage":"de","potentialAction":[{"@type":"ReadAction","target":["https:\/\/boeselager-realschule.de\/?p=10034"]}]},{"@type":"BreadcrumbList","@id":"https:\/\/boeselager-realschule.de\/?p=10034#breadcrumb","itemListElement":[{"@type":"ListItem","position":1,"name":"Startseite","item":"https:\/\/boeselager-realschule.de\/"},{"@type":"ListItem","position":2,"name":"Elternbrief der Schulleitung zur aktuellen Lage"}]},{"@type":"WebSite","@id":"https:\/\/boeselager-realschule.de\/#website","url":"https:\/\/boeselager-realschule.de\/","name":"Philipp Freiherr von Boeselager Realschule plus Ahrweiler","description":"","publisher":{"@id":"https:\/\/boeselager-realschule.de\/#organization"},"potentialAction":[{"@type":"SearchAction","target":{"@type":"EntryPoint","urlTemplate":"https:\/\/boeselager-realschule.de\/?s={search_term_string}"},"query-input":{"@type":"PropertyValueSpecification","valueRequired":true,"valueName":"search_term_string"}}],"inLanguage":"de"},{"@type":"Organization","@id":"https:\/\/boeselager-realschule.de\/#organization","name":"Philipp Freiherr von Boeselager Realschule plus Ahrweiler","url":"https:\/\/boeselager-realschule.de\/","logo":{"@type":"ImageObject","inLanguage":"de","@id":"https:\/\/boeselager-realschule.de\/#\/schema\/logo\/image\/","url":"https:\/\/boeselager-realschule.de\/wp-content\/uploads\/2025\/02\/logo_280-gif.gif","contentUrl":"https:\/\/boeselager-realschule.de\/wp-content\/uploads\/2025\/02\/logo_280-gif.gif","width":280,"height":226,"caption":"Philipp Freiherr von Boeselager Realschule plus Ahrweiler"},"image":{"@id":"https:\/\/boeselager-realschule.de\/#\/schema\/logo\/image\/"},"sameAs":["https:\/\/www.facebook.com\/rsplus"]},{"@type":"Person","@id":"https:\/\/boeselager-realschule.de\/#\/schema\/person\/5dee4af139bfcd761fb95ababfd1d028","name":"Ralf Breuer","sameAs":["http:\/\/www.breuer-info.de"],"url":"https:\/\/boeselager-realschule.de\/?author=5"}]}},"_links":{"self":[{"href":"https:\/\/boeselager-realschule.de\/index.php?rest_route=\/wp\/v2\/posts\/10034","targetHints":{"allow":["GET"]}}],"collection":[{"href":"https:\/\/boeselager-realschule.de\/index.php?rest_route=\/wp\/v2\/posts"}],"about":[{"href":"https:\/\/boeselager-realschule.de\/index.php?rest_route=\/wp\/v2\/types\/post"}],"author":[{"embeddable":true,"href":"https:\/\/boeselager-realschule.de\/index.php?rest_route=\/wp\/v2\/users\/5"}],"replies":[{"embeddable":true,"href":"https:\/\/boeselager-realschule.de\/index.php?rest_route=%2Fwp%2Fv2%2Fcomments&post=10034"}],"version-history":[{"count":1,"href":"https:\/\/boeselager-realschule.de\/index.php?rest_route=\/wp\/v2\/posts\/10034\/revisions"}],"predecessor-version":[{"id":10063,"href":"https:\/\/boeselager-realschule.de\/index.php?rest_route=\/wp\/v2\/posts\/10034\/revisions\/10063"}],"wp:attachment":[{"href":"https:\/\/boeselager-realschule.de\/index.php?rest_route=%2Fwp%2Fv2%2Fmedia&parent=10034"}],"wp:term":[{"taxonomy":"category","embeddable":true,"href":"https:\/\/boeselager-realschule.de\/index.php?rest_route=%2Fwp%2Fv2%2Fcategories&post=10034"},{"taxonomy":"post_tag","embeddable":true,"href":"https:\/\/boeselager-realschule.de\/index.php?rest_route=%2Fwp%2Fv2%2Ftags&post=10034"}],"curies":[{"name":"wp","href":"https:\/\/api.w.org\/{rel}","templated":true}]}}